{"id":908,"date":"2018-12-11T18:50:55","date_gmt":"2018-12-11T18:50:55","guid":{"rendered":"https:\/\/www.arteallimite.com\/danza-e-instagram-cinco-fotografos-imperdibles\/"},"modified":"2018-12-11T18:50:55","modified_gmt":"2018-12-11T18:50:55","slug":"danza-e-instagram-cinco-fotografos-imperdibles","status":"publish","type":"post","link":"https:\/\/www.arteallimite.com\/en\/2018\/12\/11\/danza-e-instagram-cinco-fotografos-imperdibles\/","title":{"rendered":"Danza e Instagram: cinco fot\u00f3grafos imperdibles[:en]Dance and Instagram: Five amazing photographers"},"content":{"rendered":"<p>Poder capturar el cuerpo humano en movimiento es el desaf\u00edo principal de estos artistas tras el lente, quienes, adem\u00e1s de querer conseguir la imagen precisa, buscan retratar la belleza del baile por medio de distintas herramientas. Variedad en el uso de luces, espacios y texturas son parte de las fotograf\u00edas que el equipo de<b> Arte Al L\u00edmite<\/b> seleccion\u00f3 y que puedes ver a continuaci\u00f3n.<\/p>\n<ul>\n<li style=\"text-align: center;\"><span style=\"color: #00ccff;\"><strong>Tambi\u00e9n te puede interesar:<\/strong><\/span><\/li>\n<\/ul>\n<p style=\"text-align: center;\"><a href=\"https:\/\/www.arteallimite.com\/2018\/12\/06\/inician-postulaciones-a-world-press-photo-2019\/\">Inician postulaciones a World Press Photo 2019<\/a><\/p>\n<p style=\"text-align: center;\"><a href=\"https:\/\/www.arteallimite.com\/2018\/12\/07\/el-arte-visual-se-toma-el-verano-en-santiago\/\">El arte visual se toma el verano en Santiago<\/a><\/p>\n<h3><b>Emily Black (@emilyblackphoto)<\/b><\/h3>\n<p>https:\/\/www.instagram.com\/p\/BpeyUleA7iI\/<\/p>\n<p>Centrada en la fotograf\u00eda de estudio m\u00e1s familiar, Emily Black captura a distintos bailarines para darles un buen recuerdo de sus presentaciones a sus padres y que, al mismo tiempo, los ayude en futuras audiciones como carta de presentaci\u00f3n.<\/p>\n<h3><b>Alexander Yakovlev (@ayakovlevcom)<\/b><\/h3>\n<p>https:\/\/www.instagram.com\/p\/BjIXqkFA1YR\/<\/p>\n<p>La fotograf\u00eda necesita tanto precisi\u00f3n como imaginaci\u00f3n y Alexander lo sabe bien. En sus \u00faltimos trabajos el artista utiliz\u00f3 harina para darle mayor sensaci\u00f3n de movimiento a sus im\u00e1genes, profundizando sus texturas y detalles.<\/p>\n<h3><b>Dane Shitagi (@ballerinaproyect_)<\/b><\/h3>\n<p>https:\/\/www.instagram.com\/p\/Bqm2xhoBghE\/<\/p>\n<p>Es un proyecto dividido en partes de la fot\u00f3grafa hawaiana Dane Shitagi, el cual muestra principalmente a bailarinas en diferentes contextos. Desde espacios m\u00e1s urbanos a estar en medio de la naturaleza, Shitagi juega con las personalidades de las artistas para lograr incre\u00edbles tomas.<\/p>\n<h3><strong>Omar Z. Robles (@omarzrobles)<\/strong><\/h3>\n<p>https:\/\/www.instagram.com\/p\/Bie25EYnnhN\/<\/p>\n<p>Inspirado por el mimo y actor franc\u00e9s Marcel Marceau, este fot\u00f3grafo de origen puertorrique\u00f1o captura las acciones de distintos artistas en rincones de la ciudad y en espacios m\u00e1s \u00edntimos como sus hogares. Busca mostrar movimientos delicados pero al mismo tiempo acentuados para sorprender a sus seguidores.<\/p>\n<h3><strong>Yakov Levaira (@yakovlevaira)<\/strong><\/h3>\n<p>https:\/\/www.instagram.com\/p\/BrN8upHgdW6\/<\/p>\n<p>Desde San Petersburgo, Levaira monta una gran variedad de escenarios para sus modelos, quienes van desde peque\u00f1os bailarines hasta artistas m\u00e1s experimentados. En su portafolio hay espacio para todo tipo de artistas y formas de expresi\u00f3n.<\/p>\n<p>\u00a0[:en]Capturing the human body in movement is the main challenge of these artists behind the lens, who in addition to try to get the accurate picture, they look for portraying the beauty of the dance through different tools. A variety in the use of lights, spaces and textures are part of the photographs that <strong>Arte Al L\u00edmite <\/strong>staff selected and you can see below.<\/p>\n<ul>\n<li style=\"text-align: center;\"><span style=\"color: #00ccff;\"><strong>You might be interested:<\/strong><\/span><\/li>\n<\/ul>\n<p style=\"text-align: center;\"><a href=\"https:\/\/www.arteallimite.com\/2018\/12\/06\/inician-postulaciones-a-world-press-photo-2019\/\">Inician postulaciones a World Press Photo 2019<\/a><\/p>\n<p style=\"text-align: center;\"><a href=\"https:\/\/www.arteallimite.com\/2018\/12\/07\/el-arte-visual-se-toma-el-verano-en-santiago\/\">El arte visual se toma el verano en Santiago<\/a><\/p>\n<h3><b>Emily Black (@emilyblackphoto)<\/b><\/h3>\n<p>https:\/\/www.instagram.com\/p\/BpeyUleA7iI\/<\/p>\n<p>Focused in studio photography more familiar, Emily Black captures different dancers to give them a good memory of their presentations to their parents and that, at the same time, would help them in future castings as a letter of introduction.<\/p>\n<h3><b>Alexander Yakovlev (@ayakovlevcom)<\/b><\/h3>\n<p>https:\/\/www.instagram.com\/p\/BjIXqkFA1YR\/<\/p>\n<p>The photograph needs both precision and imagination and Alexander knows it so well. In his last works the artist used flour to give their pictures a grater motion feeling, deepening his textures and details.<\/p>\n<h3><b>Dane Shitagi (@ballerinaproyect_)<\/b><\/h3>\n<p>https:\/\/www.instagram.com\/p\/Bqm2xhoBghE\/<\/p>\n<p>It is a project divided in parts by the Hawaiian photographer Dane Shitagi, who shows mainly dancers in different context. From urban spaces to a picture in middle of the nature, Shitagi plays with personalities of the artists to achieve amazing shots.<\/p>\n<h3><strong>Omar Z. Robles (@omarzrobles)<\/strong><\/h3>\n<p>https:\/\/www.instagram.com\/p\/Bie25EYnnhN\/<\/p>\n<p>Inspired by himself and the French actor Marcel Marceau, this Puerto Rican photographer captures the actions of various artists in the corners of the city and private spaces like their homes. He looks for showing subtle movements but at the same time intensified to surprise his followers.<\/p>\n<h3><strong>Yakov Levaira (@yakovlevaira)<\/strong><\/h3>\n<p>https:\/\/www.instagram.com\/p\/BrN8upHgdW6\/<\/p>\n<p>From San Petersburgo, Levaira sets up a wide range of stages for his models, from small dancers to more experienced artists. In his portfolio there are spaces for all kind of artists and ways of expression.<\/p>\n<p>\u00a0<\/p>\n","protected":false},"excerpt":{"rendered":"<p>Poder capturar el cuerpo humano en movimiento es el desaf\u00edo principal de estos artistas tras el lente, quienes, adem\u00e1s de querer conseguir la imagen precisa, buscan retratar la belleza del&#8230;<\/p>\n","protected":false},"author":157,"featured_media":909,"comment_status":"open","ping_status":"open","sticky":false,"template":"","format":"standard","meta":{"_acf_changed":false,"inline_featured_image":false,"footnotes":""},"categories":[23,41,79],"tags":[113,114,115,116,117,118,119],"ano":[],"artista":[],"class_list":{"0":"post-908","1":"post","2":"type-post","3":"status-publish","4":"format-standard","5":"has-post-thumbnail","7":"category-articulos","8":"category-danza","9":"category-miradas","10":"tag-alexander-yakovlev","11":"tag-dane-shitagi","12":"tag-danza","13":"tag-emily-black","14":"tag-instagram","15":"tag-omar-z-robles","16":"tag-yakov-levaira"},"acf":[],"yoast_head":"<!-- This site is optimized with the Yoast SEO plugin v27.3 - https:\/\/yoast.com\/product\/yoast-seo-wordpress\/ -->\n<title>Danza e Instagram: cinco fot\u00f3grafos imperdibles[:en]Dance and Instagram: Five amazing photographers - Arte al l\u00edmite<\/title>\n<meta name=\"robots\" content=\"index, follow, max-snippet:-1, max-image-preview:large, max-video-preview:-1\" \/>\n<link rel=\"canonical\" href=\"https:\/\/www.arteallimite.com\/en\/2018\/12\/11\/danza-e-instagram-cinco-fotografos-imperdibles\/\" \/>\n<meta property=\"og:locale\" content=\"en_US\" \/>\n<meta property=\"og:type\" content=\"article\" \/>\n<meta property=\"og:title\" content=\"Danza e Instagram: cinco fot\u00f3grafos imperdibles[:en]Dance and Instagram: Five amazing photographers - Arte al l\u00edmite\" \/>\n<meta property=\"og:description\" content=\"Poder capturar el cuerpo humano en movimiento es el desaf\u00edo principal de estos artistas tras el lente, quienes, adem\u00e1s de querer conseguir la imagen precisa, buscan retratar la belleza del...\" \/>\n<meta property=\"og:url\" content=\"https:\/\/www.arteallimite.com\/en\/2018\/12\/11\/danza-e-instagram-cinco-fotografos-imperdibles\/\" \/>\n<meta property=\"og:site_name\" content=\"Arte al l\u00edmite\" \/>\n<meta property=\"article:published_time\" content=\"2018-12-11T18:50:55+00:00\" \/>\n<meta property=\"og:image\" content=\"https:\/\/www.arteallimite.com\/wp-content\/uploads\/2024\/08\/portadaa.png\" \/>\n\t<meta property=\"og:image:width\" content=\"1072\" \/>\n\t<meta property=\"og:image:height\" content=\"1325\" \/>\n\t<meta property=\"og:image:type\" content=\"image\/png\" \/>\n<meta name=\"author\" content=\"Constanza Pastor\" \/>\n<meta name=\"twitter:card\" content=\"summary_large_image\" \/>\n<meta name=\"twitter:label1\" content=\"Written by\" \/>\n\t<meta name=\"twitter:data1\" content=\"Constanza Pastor\" \/>\n\t<meta name=\"twitter:label2\" content=\"Est. reading time\" \/>\n\t<meta name=\"twitter:data2\" content=\"3 minutes\" \/>\n<script type=\"application\/ld+json\" class=\"yoast-schema-graph\">{\"@context\":\"https:\\\/\\\/schema.org\",\"@graph\":[{\"@type\":\"Article\",\"@id\":\"https:\\\/\\\/www.arteallimite.com\\\/en\\\/2018\\\/12\\\/11\\\/danza-e-instagram-cinco-fotografos-imperdibles\\\/#article\",\"isPartOf\":{\"@id\":\"https:\\\/\\\/www.arteallimite.com\\\/en\\\/2018\\\/12\\\/11\\\/danza-e-instagram-cinco-fotografos-imperdibles\\\/\"},\"author\":{\"name\":\"Constanza Pastor\",\"@id\":\"https:\\\/\\\/www.arteallimite.com\\\/en\\\/#\\\/schema\\\/person\\\/c7df2219acbc54c7438f021c01623d09\"},\"headline\":\"Danza e Instagram: cinco fot\u00f3grafos imperdibles[:en]Dance and Instagram: Five amazing photographers\",\"datePublished\":\"2018-12-11T18:50:55+00:00\",\"mainEntityOfPage\":{\"@id\":\"https:\\\/\\\/www.arteallimite.com\\\/en\\\/2018\\\/12\\\/11\\\/danza-e-instagram-cinco-fotografos-imperdibles\\\/\"},\"wordCount\":707,\"commentCount\":0,\"image\":{\"@id\":\"https:\\\/\\\/www.arteallimite.com\\\/en\\\/2018\\\/12\\\/11\\\/danza-e-instagram-cinco-fotografos-imperdibles\\\/#primaryimage\"},\"thumbnailUrl\":\"https:\\\/\\\/www.arteallimite.com\\\/wp-content\\\/uploads\\\/2024\\\/08\\\/portadaa.png\",\"keywords\":[\"Alexander Yakovlev\",\"Dane Shitagi\",\"Danza\",\"Emily Black\",\"Instagram\",\"Omar Z. Robles\",\"Yakov Levaira\"],\"articleSection\":[\"Art\u00edculos\",\"Danza\",\"Miradas\"],\"inLanguage\":\"en-US\",\"potentialAction\":[{\"@type\":\"CommentAction\",\"name\":\"Comment\",\"target\":[\"https:\\\/\\\/www.arteallimite.com\\\/en\\\/2018\\\/12\\\/11\\\/danza-e-instagram-cinco-fotografos-imperdibles\\\/#respond\"]}]},{\"@type\":\"WebPage\",\"@id\":\"https:\\\/\\\/www.arteallimite.com\\\/en\\\/2018\\\/12\\\/11\\\/danza-e-instagram-cinco-fotografos-imperdibles\\\/\",\"url\":\"https:\\\/\\\/www.arteallimite.com\\\/en\\\/2018\\\/12\\\/11\\\/danza-e-instagram-cinco-fotografos-imperdibles\\\/\",\"name\":\"Danza e Instagram: cinco fot\u00f3grafos imperdibles[:en]Dance and Instagram: Five amazing photographers - Arte al l\u00edmite\",\"isPartOf\":{\"@id\":\"https:\\\/\\\/www.arteallimite.com\\\/en\\\/#website\"},\"primaryImageOfPage\":{\"@id\":\"https:\\\/\\\/www.arteallimite.com\\\/en\\\/2018\\\/12\\\/11\\\/danza-e-instagram-cinco-fotografos-imperdibles\\\/#primaryimage\"},\"image\":{\"@id\":\"https:\\\/\\\/www.arteallimite.com\\\/en\\\/2018\\\/12\\\/11\\\/danza-e-instagram-cinco-fotografos-imperdibles\\\/#primaryimage\"},\"thumbnailUrl\":\"https:\\\/\\\/www.arteallimite.com\\\/wp-content\\\/uploads\\\/2024\\\/08\\\/portadaa.png\",\"datePublished\":\"2018-12-11T18:50:55+00:00\",\"author\":{\"@id\":\"https:\\\/\\\/www.arteallimite.com\\\/en\\\/#\\\/schema\\\/person\\\/c7df2219acbc54c7438f021c01623d09\"},\"breadcrumb\":{\"@id\":\"https:\\\/\\\/www.arteallimite.com\\\/en\\\/2018\\\/12\\\/11\\\/danza-e-instagram-cinco-fotografos-imperdibles\\\/#breadcrumb\"},\"inLanguage\":\"en-US\",\"potentialAction\":[{\"@type\":\"ReadAction\",\"target\":[\"https:\\\/\\\/www.arteallimite.com\\\/en\\\/2018\\\/12\\\/11\\\/danza-e-instagram-cinco-fotografos-imperdibles\\\/\"]}]},{\"@type\":\"ImageObject\",\"inLanguage\":\"en-US\",\"@id\":\"https:\\\/\\\/www.arteallimite.com\\\/en\\\/2018\\\/12\\\/11\\\/danza-e-instagram-cinco-fotografos-imperdibles\\\/#primaryimage\",\"url\":\"https:\\\/\\\/www.arteallimite.com\\\/wp-content\\\/uploads\\\/2024\\\/08\\\/portadaa.png\",\"contentUrl\":\"https:\\\/\\\/www.arteallimite.com\\\/wp-content\\\/uploads\\\/2024\\\/08\\\/portadaa.png\",\"width\":1072,\"height\":1325},{\"@type\":\"BreadcrumbList\",\"@id\":\"https:\\\/\\\/www.arteallimite.com\\\/en\\\/2018\\\/12\\\/11\\\/danza-e-instagram-cinco-fotografos-imperdibles\\\/#breadcrumb\",\"itemListElement\":[{\"@type\":\"ListItem\",\"position\":1,\"name\":\"Arte al L\u00edmite\",\"item\":\"https:\\\/\\\/www.arteallimite.com\\\/en\\\/\"},{\"@type\":\"ListItem\",\"position\":2,\"name\":\"Danza e Instagram: cinco fot\u00f3grafos imperdibles[:en]Dance and Instagram: Five amazing photographers\"}]},{\"@type\":\"WebSite\",\"@id\":\"https:\\\/\\\/www.arteallimite.com\\\/en\\\/#website\",\"url\":\"https:\\\/\\\/www.arteallimite.com\\\/en\\\/\",\"name\":\"Arte al l\u00edmite\",\"description\":\"\",\"potentialAction\":[{\"@type\":\"SearchAction\",\"target\":{\"@type\":\"EntryPoint\",\"urlTemplate\":\"https:\\\/\\\/www.arteallimite.com\\\/en\\\/?s={search_term_string}\"},\"query-input\":{\"@type\":\"PropertyValueSpecification\",\"valueRequired\":true,\"valueName\":\"search_term_string\"}}],\"inLanguage\":\"en-US\"},{\"@type\":\"Person\",\"@id\":\"https:\\\/\\\/www.arteallimite.com\\\/en\\\/#\\\/schema\\\/person\\\/c7df2219acbc54c7438f021c01623d09\",\"name\":\"Constanza Pastor\",\"image\":{\"@type\":\"ImageObject\",\"inLanguage\":\"en-US\",\"@id\":\"https:\\\/\\\/secure.gravatar.com\\\/avatar\\\/0fbe26a0677968a0d2296f4e0da9b39da55357530bfd14aa3e74d9e8e8f11f89?s=96&d=mm&r=g\",\"url\":\"https:\\\/\\\/secure.gravatar.com\\\/avatar\\\/0fbe26a0677968a0d2296f4e0da9b39da55357530bfd14aa3e74d9e8e8f11f89?s=96&d=mm&r=g\",\"contentUrl\":\"https:\\\/\\\/secure.gravatar.com\\\/avatar\\\/0fbe26a0677968a0d2296f4e0da9b39da55357530bfd14aa3e74d9e8e8f11f89?s=96&d=mm&r=g\",\"caption\":\"Constanza Pastor\"},\"url\":\"https:\\\/\\\/www.arteallimite.com\\\/en\\\/author\\\/constanzapastor\\\/\"}]}<\/script>\n<!-- \/ Yoast SEO plugin. -->","yoast_head_json":{"title":"Danza e Instagram: cinco fot\u00f3grafos imperdibles[:en]Dance and Instagram: Five amazing photographers - Arte al l\u00edmite","robots":{"index":"index","follow":"follow","max-snippet":"max-snippet:-1","max-image-preview":"max-image-preview:large","max-video-preview":"max-video-preview:-1"},"canonical":"https:\/\/www.arteallimite.com\/en\/2018\/12\/11\/danza-e-instagram-cinco-fotografos-imperdibles\/","og_locale":"en_US","og_type":"article","og_title":"Danza e Instagram: cinco fot\u00f3grafos imperdibles[:en]Dance and Instagram: Five amazing photographers - Arte al l\u00edmite","og_description":"Poder capturar el cuerpo humano en movimiento es el desaf\u00edo principal de estos artistas tras el lente, quienes, adem\u00e1s de querer conseguir la imagen precisa, buscan retratar la belleza del...","og_url":"https:\/\/www.arteallimite.com\/en\/2018\/12\/11\/danza-e-instagram-cinco-fotografos-imperdibles\/","og_site_name":"Arte al l\u00edmite","article_published_time":"2018-12-11T18:50:55+00:00","og_image":[{"width":1072,"height":1325,"url":"https:\/\/www.arteallimite.com\/wp-content\/uploads\/2024\/08\/portadaa.png","type":"image\/png"}],"author":"Constanza Pastor","twitter_card":"summary_large_image","twitter_misc":{"Written by":"Constanza Pastor","Est. reading time":"3 minutes"},"schema":{"@context":"https:\/\/schema.org","@graph":[{"@type":"Article","@id":"https:\/\/www.arteallimite.com\/en\/2018\/12\/11\/danza-e-instagram-cinco-fotografos-imperdibles\/#article","isPartOf":{"@id":"https:\/\/www.arteallimite.com\/en\/2018\/12\/11\/danza-e-instagram-cinco-fotografos-imperdibles\/"},"author":{"name":"Constanza Pastor","@id":"https:\/\/www.arteallimite.com\/en\/#\/schema\/person\/c7df2219acbc54c7438f021c01623d09"},"headline":"Danza e Instagram: cinco fot\u00f3grafos imperdibles[:en]Dance and Instagram: Five amazing photographers","datePublished":"2018-12-11T18:50:55+00:00","mainEntityOfPage":{"@id":"https:\/\/www.arteallimite.com\/en\/2018\/12\/11\/danza-e-instagram-cinco-fotografos-imperdibles\/"},"wordCount":707,"commentCount":0,"image":{"@id":"https:\/\/www.arteallimite.com\/en\/2018\/12\/11\/danza-e-instagram-cinco-fotografos-imperdibles\/#primaryimage"},"thumbnailUrl":"https:\/\/www.arteallimite.com\/wp-content\/uploads\/2024\/08\/portadaa.png","keywords":["Alexander Yakovlev","Dane Shitagi","Danza","Emily Black","Instagram","Omar Z. Robles","Yakov Levaira"],"articleSection":["Art\u00edculos","Danza","Miradas"],"inLanguage":"en-US","potentialAction":[{"@type":"CommentAction","name":"Comment","target":["https:\/\/www.arteallimite.com\/en\/2018\/12\/11\/danza-e-instagram-cinco-fotografos-imperdibles\/#respond"]}]},{"@type":"WebPage","@id":"https:\/\/www.arteallimite.com\/en\/2018\/12\/11\/danza-e-instagram-cinco-fotografos-imperdibles\/","url":"https:\/\/www.arteallimite.com\/en\/2018\/12\/11\/danza-e-instagram-cinco-fotografos-imperdibles\/","name":"Danza e Instagram: cinco fot\u00f3grafos imperdibles[:en]Dance and Instagram: Five amazing photographers - Arte al l\u00edmite","isPartOf":{"@id":"https:\/\/www.arteallimite.com\/en\/#website"},"primaryImageOfPage":{"@id":"https:\/\/www.arteallimite.com\/en\/2018\/12\/11\/danza-e-instagram-cinco-fotografos-imperdibles\/#primaryimage"},"image":{"@id":"https:\/\/www.arteallimite.com\/en\/2018\/12\/11\/danza-e-instagram-cinco-fotografos-imperdibles\/#primaryimage"},"thumbnailUrl":"https:\/\/www.arteallimite.com\/wp-content\/uploads\/2024\/08\/portadaa.png","datePublished":"2018-12-11T18:50:55+00:00","author":{"@id":"https:\/\/www.arteallimite.com\/en\/#\/schema\/person\/c7df2219acbc54c7438f021c01623d09"},"breadcrumb":{"@id":"https:\/\/www.arteallimite.com\/en\/2018\/12\/11\/danza-e-instagram-cinco-fotografos-imperdibles\/#breadcrumb"},"inLanguage":"en-US","potentialAction":[{"@type":"ReadAction","target":["https:\/\/www.arteallimite.com\/en\/2018\/12\/11\/danza-e-instagram-cinco-fotografos-imperdibles\/"]}]},{"@type":"ImageObject","inLanguage":"en-US","@id":"https:\/\/www.arteallimite.com\/en\/2018\/12\/11\/danza-e-instagram-cinco-fotografos-imperdibles\/#primaryimage","url":"https:\/\/www.arteallimite.com\/wp-content\/uploads\/2024\/08\/portadaa.png","contentUrl":"https:\/\/www.arteallimite.com\/wp-content\/uploads\/2024\/08\/portadaa.png","width":1072,"height":1325},{"@type":"BreadcrumbList","@id":"https:\/\/www.arteallimite.com\/en\/2018\/12\/11\/danza-e-instagram-cinco-fotografos-imperdibles\/#breadcrumb","itemListElement":[{"@type":"ListItem","position":1,"name":"Arte al L\u00edmite","item":"https:\/\/www.arteallimite.com\/en\/"},{"@type":"ListItem","position":2,"name":"Danza e Instagram: cinco fot\u00f3grafos imperdibles[:en]Dance and Instagram: Five amazing photographers"}]},{"@type":"WebSite","@id":"https:\/\/www.arteallimite.com\/en\/#website","url":"https:\/\/www.arteallimite.com\/en\/","name":"Arte al l\u00edmite","description":"","potentialAction":[{"@type":"SearchAction","target":{"@type":"EntryPoint","urlTemplate":"https:\/\/www.arteallimite.com\/en\/?s={search_term_string}"},"query-input":{"@type":"PropertyValueSpecification","valueRequired":true,"valueName":"search_term_string"}}],"inLanguage":"en-US"},{"@type":"Person","@id":"https:\/\/www.arteallimite.com\/en\/#\/schema\/person\/c7df2219acbc54c7438f021c01623d09","name":"Constanza Pastor","image":{"@type":"ImageObject","inLanguage":"en-US","@id":"https:\/\/secure.gravatar.com\/avatar\/0fbe26a0677968a0d2296f4e0da9b39da55357530bfd14aa3e74d9e8e8f11f89?s=96&d=mm&r=g","url":"https:\/\/secure.gravatar.com\/avatar\/0fbe26a0677968a0d2296f4e0da9b39da55357530bfd14aa3e74d9e8e8f11f89?s=96&d=mm&r=g","contentUrl":"https:\/\/secure.gravatar.com\/avatar\/0fbe26a0677968a0d2296f4e0da9b39da55357530bfd14aa3e74d9e8e8f11f89?s=96&d=mm&r=g","caption":"Constanza Pastor"},"url":"https:\/\/www.arteallimite.com\/en\/author\/constanzapastor\/"}]}},"_links":{"self":[{"href":"https:\/\/www.arteallimite.com\/en\/wp-json\/wp\/v2\/posts\/908","targetHints":{"allow":["GET"]}}],"collection":[{"href":"https:\/\/www.arteallimite.com\/en\/wp-json\/wp\/v2\/posts"}],"about":[{"href":"https:\/\/www.arteallimite.com\/en\/wp-json\/wp\/v2\/types\/post"}],"author":[{"embeddable":true,"href":"https:\/\/www.arteallimite.com\/en\/wp-json\/wp\/v2\/users\/157"}],"replies":[{"embeddable":true,"href":"https:\/\/www.arteallimite.com\/en\/wp-json\/wp\/v2\/comments?post=908"}],"version-history":[{"count":0,"href":"https:\/\/www.arteallimite.com\/en\/wp-json\/wp\/v2\/posts\/908\/revisions"}],"wp:featuredmedia":[{"embeddable":true,"href":"https:\/\/www.arteallimite.com\/en\/wp-json\/wp\/v2\/media\/909"}],"wp:attachment":[{"href":"https:\/\/www.arteallimite.com\/en\/wp-json\/wp\/v2\/media?parent=908"}],"wp:term":[{"taxonomy":"category","embeddable":true,"href":"https:\/\/www.arteallimite.com\/en\/wp-json\/wp\/v2\/categories?post=908"},{"taxonomy":"post_tag","embeddable":true,"href":"https:\/\/www.arteallimite.com\/en\/wp-json\/wp\/v2\/tags?post=908"},{"taxonomy":"ano","embeddable":true,"href":"https:\/\/www.arteallimite.com\/en\/wp-json\/wp\/v2\/ano?post=908"},{"taxonomy":"artista","embeddable":true,"href":"https:\/\/www.arteallimite.com\/en\/wp-json\/wp\/v2\/artista?post=908"}],"curies":[{"name":"wp","href":"https:\/\/api.w.org\/{rel}","templated":true}]}}