{"id":893,"date":"2018-09-14T16:50:51","date_gmt":"2018-09-14T16:50:51","guid":{"rendered":"https:\/\/www.arteallimite.com\/mario-testino-fotografias-de-celebrities-una-obra-de-arte\/"},"modified":"2018-09-14T16:50:51","modified_gmt":"2018-09-14T16:50:51","slug":"mario-testino-fotografias-de-celebrities-una-obra-de-arte","status":"publish","type":"post","link":"https:\/\/www.arteallimite.com\/en\/2018\/09\/14\/mario-testino-fotografias-de-celebrities-una-obra-de-arte\/","title":{"rendered":"Mario Testino | Fotograf\u00edas de celebrities, una obra de arte[:en]Mario Testino | Celebrities photographs, an artwork"},"content":{"rendered":"<p style=\"text-align: justify;\">Mario Testino, fot\u00f3grafo de origen Peruano que naci\u00f3 en el a\u00f1o 1954, dentro de una familia Cat\u00f3lica tradicional. Durante su adolescencia tuvo muchas dudas sobre su futura vocaci\u00f3n, pero sin duda opt\u00f3 por la m\u00e1s acertada.<\/p>\n<ul>\n<li style=\"text-align: center;\"><span style=\"color: #00ccff;\"><strong>Te podr\u00eda interesar:<\/strong><\/span><\/li>\n<\/ul>\n<p style=\"text-align: center;\"><a href=\"https:\/\/www.arteallimite.com\/2018\/09\/13\/mario-soro-que-abordaras-en-la-1-masterclass-aal\/\">Mario Soro | \u00bfQu\u00e9 abordar\u00e1s en la 4\u00b0 Masterclass AAL?<\/a><\/p>\n<p style=\"text-align: center;\"><a href=\"https:\/\/www.arteallimite.com\/2018\/09\/11\/narcissus-garden-lo-nuevo-de-kusama\/\">Narcissus Garden, lo nuevo de Kusama<\/a><\/p>\n<p style=\"text-align: justify;\">En 1976 viaj\u00f3 a Inglaterra para estudiar fotograf\u00eda. Obtuvo el t\u00edtulo oficial de &#8220;fot\u00f3grafo de modas&#8221;, \u00e1rea que le interes\u00f3 desde muy peque\u00f1o, sobretodo por la capacidad de la moda para representar una personalidad seg\u00fan la manera de vestir.<\/p>\n<p><a href=\"https:\/\/www.instagram.com\/p\/Bd0c73fluCh\/?taken-by=mariotestino\">https:\/\/www.instagram.com\/p\/Bd0c73fluCh\/?taken-by=mariotestino<\/a><\/p>\n<p style=\"text-align: justify;\">Actualmente, solo los iconos de la moda son fotografiados por Mario Testino, y muchas veces sus trabajos han sido considerados como obras de arte. Entre sus trabajos m\u00e1s ic\u00f3nicos se encuentran los retratos de Lady Di.<\/p>\n<p style=\"text-align: justify;\">En sus obras se re\u00fanen diversas caracter\u00edsticas, teatralidad, minimalismo, arte y moda, a trav\u00e9s de un lenguaje espont\u00e1neo. Esto lo ha llevado a ser fot\u00f3grafo de portadas en revistas como Vogue, Magazine and Vanity Fair. Adem\u00e1s de tener clientes como Calvin Klein, Carolina Herrera, Dolce &#038; Gabbana, Givenchy, Lanc\u00f4me, Mercedes Benz, Ralph Lauren y Revlon.<\/p>\n<p style=\"text-align: justify;\"><a href=\"https:\/\/www.arteallimite.com\/wp-content\/uploads\/2018\/09\/MATE_-_Museo_Mario_Testino.jpg\"><img decoding=\"async\" class=\"size-full wp-image-65681 aligncenter\" src=\"https:\/\/www.arteallimite.com\/wp-content\/uploads\/2018\/09\/MATE_-_Museo_Mario_Testino.jpg\" alt=\"\" width=\"664\" height=\"517\" \/><\/a>Sus obras se encuentran, adem\u00e1s, en colecciones privadas, galer\u00edas y museos de todo el mundo. En 2012, Mario Testino, fund\u00f3 el Museo Mario Testino (MATE), &#8220;instutuci\u00f3n sin\u00a0fines de lucro creado con el fin de contribuir con el Per\u00fa, promoviendo su cultura y dando a conocer nuevos artistas contempor\u00e1neos de su pa\u00eds de origen&#8221;. Dos a\u00f1os despu\u00e9s recibi\u00f3 el reconocimiento al &#8220;Mejor fot\u00f3grafo del Mundo&#8221; que entreg\u00f3 la revista Vogue en los premios &#8220;Who&#8217;s On Next&#8221;, en la ciudad de Madrid, Espa\u00f1a. Mayo del 2014.<\/p>\n<p><a href=\"https:\/\/www.youtube.com\/watch?time_continue=3&#038;v=3ppLmBYvY6Q\">https:\/\/www.youtube.com\/watch?time_continue=3&amp;v=3ppLmBYvY6Q<\/a>[:en]\n<p style=\"text-align: justify;\">The Peruvian photographer Mario Testino was born in 1954, and he was part of a traditional Catholic family. During his adolescence, he had several doubts about his future vocation, but he doubtlessly he chose the correct one.<\/p>\n<p style=\"text-align: center;\"><span style=\"color: #00ccff;\"><strong>You may be interested: <\/strong><\/span><\/p>\n<p style=\"text-align: center;\"><span style=\"color: #ff00ff;\"><a style=\"color: #ff00ff;\" href=\"https:\/\/www.arteallimite.com\/2018\/09\/13\/mario-soro-que-abordaras-en-la-1-masterclass-aal\/\">Mario Soro| what are you going to present in the 4<sup>th<\/sup> AAL Masterclass?<\/a><\/span><\/p>\n<p style=\"text-align: center;\"><span style=\"color: #ff00ff;\"><a style=\"color: #ff00ff;\" href=\"https:\/\/www.arteallimite.com\/2018\/09\/11\/narcissus-garden-lo-nuevo-de-kusama\/ In 1976, he travelled to England to study pho\">Narcissus Garden, the new Of Kusama<\/a> <\/span><\/p>\n<p style=\"text-align: justify;\">tography. He got the official degree of \u201cFashion Photographer,\u201d an area that interested him since he was a child. This is especially because of the fashion ability to represent a personality according to how we dress.<\/p>\n<p><a href=\"https:\/\/www.instagram.com\/p\/Bd0c73fluCh\/?taken-by=mariotestino\">https:\/\/www.instagram.com\/p\/Bd0c73fluCh\/?taken-by=mariotestino<\/a><\/p>\n<p style=\"text-align: justify;\">Nowadays, only fashion icons are photographed by Mario Testino. In several occasions, his works have been considered as artworks. Within his most iconic works, the portraits of Lady Di are found.<\/p>\n<p style=\"text-align: justify;\">In his works, there are several characteristics gathered such as: theatricality, minimalism, art and fashion through a spontaneous language. This led the photographer to be in the cover of magazines like Vogue, Magazine and Vanity Fair. Besides, he has important clients like Calvin Klein, Carolina Herrera, Dolce &#038; Gabbana, Givenchy, Lanc\u00f4me, Mercedes Benz, Ralph Lauren and Revlon.<\/p>\n<p><a href=\"https:\/\/www.arteallimite.com\/wp-content\/uploads\/2018\/09\/MATE_-_Museo_Mario_Testino.jpg\"><img decoding=\"async\" class=\"size-full wp-image-65681 aligncenter\" src=\"https:\/\/www.arteallimite.com\/wp-content\/uploads\/2018\/09\/MATE_-_Museo_Mario_Testino.jpg\" alt=\"\" width=\"664\" height=\"517\" \/><\/a><\/p>\n<p style=\"text-align: justify;\">Also, his works are located in private collections, galleries and museum from the entire world. In 2012, the Mario Testino Museum (MATE) was founded by him. \u201cIt is a non-profit organizations created to contribute with Peru, promoting its culture and making known new contemporary artists of his country of origin. Two years later, he received the recognition to \u201cBest Photographer of the World\u201d that was given by the Vogue magazine at the \u201cWho\u2019s On Next\u201d awards, in Madrid, Espa\u00f1a. May, 2014.<\/p>\n<p><a href=\"https:\/\/www.youtube.com\/watch?time_continue=3&#038;v=3ppLmBYvY6Q\">https:\/\/www.youtube.com\/watch?time_continue=3&amp;v=3ppLmBYvY6Q<\/a><\/p>\n","protected":false},"excerpt":{"rendered":"<p>Mario Testino, fot\u00f3grafo de origen Peruano que naci\u00f3 en el a\u00f1o 1954, dentro de una familia Cat\u00f3lica tradicional. Durante su adolescencia tuvo muchas dudas sobre su futura vocaci\u00f3n, pero sin&#8230;<\/p>\n","protected":false},"author":16,"featured_media":894,"comment_status":"open","ping_status":"open","sticky":false,"template":"","format":"standard","meta":{"_acf_changed":false,"inline_featured_image":false,"footnotes":""},"categories":[23,79],"tags":[110,111],"ano":[],"artista":[],"class_list":{"0":"post-893","1":"post","2":"type-post","3":"status-publish","4":"format-standard","5":"has-post-thumbnail","7":"category-articulos","8":"category-miradas","9":"tag-mario-testino","10":"tag-peru"},"acf":[],"yoast_head":"<!-- This site is optimized with the Yoast SEO plugin v27.3 - https:\/\/yoast.com\/product\/yoast-seo-wordpress\/ -->\n<title>Mario Testino | Fotograf\u00edas de celebrities, una obra de arte[:en]Mario Testino | Celebrities photographs, an artwork - Arte al l\u00edmite<\/title>\n<meta name=\"robots\" content=\"index, follow, max-snippet:-1, max-image-preview:large, max-video-preview:-1\" \/>\n<link rel=\"canonical\" href=\"https:\/\/www.arteallimite.com\/en\/2018\/09\/14\/mario-testino-fotografias-de-celebrities-una-obra-de-arte\/\" \/>\n<meta property=\"og:locale\" content=\"en_US\" \/>\n<meta property=\"og:type\" content=\"article\" \/>\n<meta property=\"og:title\" content=\"Mario Testino | Fotograf\u00edas de celebrities, una obra de arte[:en]Mario Testino | Celebrities photographs, an artwork - Arte al l\u00edmite\" \/>\n<meta property=\"og:description\" content=\"Mario Testino, fot\u00f3grafo de origen Peruano que naci\u00f3 en el a\u00f1o 1954, dentro de una familia Cat\u00f3lica tradicional. Durante su adolescencia tuvo muchas dudas sobre su futura vocaci\u00f3n, pero sin...\" \/>\n<meta property=\"og:url\" content=\"https:\/\/www.arteallimite.com\/en\/2018\/09\/14\/mario-testino-fotografias-de-celebrities-una-obra-de-arte\/\" \/>\n<meta property=\"og:site_name\" content=\"Arte al l\u00edmite\" \/>\n<meta property=\"article:published_time\" content=\"2018-09-14T16:50:51+00:00\" \/>\n<meta property=\"og:image\" content=\"https:\/\/www.arteallimite.com\/wp-content\/uploads\/2024\/08\/Mario_Testino_2014.jpg\" \/>\n\t<meta property=\"og:image:width\" content=\"1536\" \/>\n\t<meta property=\"og:image:height\" content=\"1536\" \/>\n\t<meta property=\"og:image:type\" content=\"image\/jpeg\" \/>\n<meta name=\"author\" content=\"Mar\u00eda Guadalupe Costa\" \/>\n<meta name=\"twitter:card\" content=\"summary_large_image\" \/>\n<meta name=\"twitter:label1\" content=\"Written by\" \/>\n\t<meta name=\"twitter:data1\" content=\"Mar\u00eda Guadalupe Costa\" \/>\n\t<meta name=\"twitter:label2\" content=\"Est. reading time\" \/>\n\t<meta name=\"twitter:data2\" content=\"3 minutes\" \/>\n<script type=\"application\/ld+json\" class=\"yoast-schema-graph\">{\"@context\":\"https:\\\/\\\/schema.org\",\"@graph\":[{\"@type\":\"Article\",\"@id\":\"https:\\\/\\\/www.arteallimite.com\\\/en\\\/2018\\\/09\\\/14\\\/mario-testino-fotografias-de-celebrities-una-obra-de-arte\\\/#article\",\"isPartOf\":{\"@id\":\"https:\\\/\\\/www.arteallimite.com\\\/en\\\/2018\\\/09\\\/14\\\/mario-testino-fotografias-de-celebrities-una-obra-de-arte\\\/\"},\"author\":{\"name\":\"Mar\u00eda Guadalupe Costa\",\"@id\":\"https:\\\/\\\/www.arteallimite.com\\\/en\\\/#\\\/schema\\\/person\\\/e0c3a721fadffffa02689ff7082b028c\"},\"headline\":\"Mario Testino | Fotograf\u00edas de celebrities, una obra de arte[:en]Mario Testino | Celebrities photographs, an artwork\",\"datePublished\":\"2018-09-14T16:50:51+00:00\",\"mainEntityOfPage\":{\"@id\":\"https:\\\/\\\/www.arteallimite.com\\\/en\\\/2018\\\/09\\\/14\\\/mario-testino-fotografias-de-celebrities-una-obra-de-arte\\\/\"},\"wordCount\":624,\"commentCount\":0,\"image\":{\"@id\":\"https:\\\/\\\/www.arteallimite.com\\\/en\\\/2018\\\/09\\\/14\\\/mario-testino-fotografias-de-celebrities-una-obra-de-arte\\\/#primaryimage\"},\"thumbnailUrl\":\"https:\\\/\\\/www.arteallimite.com\\\/wp-content\\\/uploads\\\/2024\\\/08\\\/Mario_Testino_2014.jpg\",\"keywords\":[\"Mario Testino\",\"Per\u00fa\"],\"articleSection\":[\"Art\u00edculos\",\"Miradas\"],\"inLanguage\":\"en-US\",\"potentialAction\":[{\"@type\":\"CommentAction\",\"name\":\"Comment\",\"target\":[\"https:\\\/\\\/www.arteallimite.com\\\/en\\\/2018\\\/09\\\/14\\\/mario-testino-fotografias-de-celebrities-una-obra-de-arte\\\/#respond\"]}]},{\"@type\":\"WebPage\",\"@id\":\"https:\\\/\\\/www.arteallimite.com\\\/en\\\/2018\\\/09\\\/14\\\/mario-testino-fotografias-de-celebrities-una-obra-de-arte\\\/\",\"url\":\"https:\\\/\\\/www.arteallimite.com\\\/en\\\/2018\\\/09\\\/14\\\/mario-testino-fotografias-de-celebrities-una-obra-de-arte\\\/\",\"name\":\"Mario Testino | Fotograf\u00edas de celebrities, una obra de arte[:en]Mario Testino | Celebrities photographs, an artwork - Arte al l\u00edmite\",\"isPartOf\":{\"@id\":\"https:\\\/\\\/www.arteallimite.com\\\/en\\\/#website\"},\"primaryImageOfPage\":{\"@id\":\"https:\\\/\\\/www.arteallimite.com\\\/en\\\/2018\\\/09\\\/14\\\/mario-testino-fotografias-de-celebrities-una-obra-de-arte\\\/#primaryimage\"},\"image\":{\"@id\":\"https:\\\/\\\/www.arteallimite.com\\\/en\\\/2018\\\/09\\\/14\\\/mario-testino-fotografias-de-celebrities-una-obra-de-arte\\\/#primaryimage\"},\"thumbnailUrl\":\"https:\\\/\\\/www.arteallimite.com\\\/wp-content\\\/uploads\\\/2024\\\/08\\\/Mario_Testino_2014.jpg\",\"datePublished\":\"2018-09-14T16:50:51+00:00\",\"author\":{\"@id\":\"https:\\\/\\\/www.arteallimite.com\\\/en\\\/#\\\/schema\\\/person\\\/e0c3a721fadffffa02689ff7082b028c\"},\"breadcrumb\":{\"@id\":\"https:\\\/\\\/www.arteallimite.com\\\/en\\\/2018\\\/09\\\/14\\\/mario-testino-fotografias-de-celebrities-una-obra-de-arte\\\/#breadcrumb\"},\"inLanguage\":\"en-US\",\"potentialAction\":[{\"@type\":\"ReadAction\",\"target\":[\"https:\\\/\\\/www.arteallimite.com\\\/en\\\/2018\\\/09\\\/14\\\/mario-testino-fotografias-de-celebrities-una-obra-de-arte\\\/\"]}]},{\"@type\":\"ImageObject\",\"inLanguage\":\"en-US\",\"@id\":\"https:\\\/\\\/www.arteallimite.com\\\/en\\\/2018\\\/09\\\/14\\\/mario-testino-fotografias-de-celebrities-una-obra-de-arte\\\/#primaryimage\",\"url\":\"https:\\\/\\\/www.arteallimite.com\\\/wp-content\\\/uploads\\\/2024\\\/08\\\/Mario_Testino_2014.jpg\",\"contentUrl\":\"https:\\\/\\\/www.arteallimite.com\\\/wp-content\\\/uploads\\\/2024\\\/08\\\/Mario_Testino_2014.jpg\",\"width\":1536,\"height\":1536},{\"@type\":\"BreadcrumbList\",\"@id\":\"https:\\\/\\\/www.arteallimite.com\\\/en\\\/2018\\\/09\\\/14\\\/mario-testino-fotografias-de-celebrities-una-obra-de-arte\\\/#breadcrumb\",\"itemListElement\":[{\"@type\":\"ListItem\",\"position\":1,\"name\":\"Arte al L\u00edmite\",\"item\":\"https:\\\/\\\/www.arteallimite.com\\\/en\\\/\"},{\"@type\":\"ListItem\",\"position\":2,\"name\":\"Mario Testino | Fotograf\u00edas de celebrities, una obra de arte[:en]Mario Testino | Celebrities photographs, an artwork\"}]},{\"@type\":\"WebSite\",\"@id\":\"https:\\\/\\\/www.arteallimite.com\\\/en\\\/#website\",\"url\":\"https:\\\/\\\/www.arteallimite.com\\\/en\\\/\",\"name\":\"Arte al l\u00edmite\",\"description\":\"\",\"potentialAction\":[{\"@type\":\"SearchAction\",\"target\":{\"@type\":\"EntryPoint\",\"urlTemplate\":\"https:\\\/\\\/www.arteallimite.com\\\/en\\\/?s={search_term_string}\"},\"query-input\":{\"@type\":\"PropertyValueSpecification\",\"valueRequired\":true,\"valueName\":\"search_term_string\"}}],\"inLanguage\":\"en-US\"},{\"@type\":\"Person\",\"@id\":\"https:\\\/\\\/www.arteallimite.com\\\/en\\\/#\\\/schema\\\/person\\\/e0c3a721fadffffa02689ff7082b028c\",\"name\":\"Mar\u00eda Guadalupe Costa\",\"image\":{\"@type\":\"ImageObject\",\"inLanguage\":\"en-US\",\"@id\":\"https:\\\/\\\/secure.gravatar.com\\\/avatar\\\/16855d9323aa5f759a364c341ecf671cefd6c45429f6b71892e12c51d4353795?s=96&d=mm&r=g\",\"url\":\"https:\\\/\\\/secure.gravatar.com\\\/avatar\\\/16855d9323aa5f759a364c341ecf671cefd6c45429f6b71892e12c51d4353795?s=96&d=mm&r=g\",\"contentUrl\":\"https:\\\/\\\/secure.gravatar.com\\\/avatar\\\/16855d9323aa5f759a364c341ecf671cefd6c45429f6b71892e12c51d4353795?s=96&d=mm&r=g\",\"caption\":\"Mar\u00eda Guadalupe Costa\"},\"url\":\"https:\\\/\\\/www.arteallimite.com\\\/en\\\/author\\\/mariaguadalupecosta\\\/\"}]}<\/script>\n<!-- \/ Yoast SEO plugin. -->","yoast_head_json":{"title":"Mario Testino | Fotograf\u00edas de celebrities, una obra de arte[:en]Mario Testino | Celebrities photographs, an artwork - Arte al l\u00edmite","robots":{"index":"index","follow":"follow","max-snippet":"max-snippet:-1","max-image-preview":"max-image-preview:large","max-video-preview":"max-video-preview:-1"},"canonical":"https:\/\/www.arteallimite.com\/en\/2018\/09\/14\/mario-testino-fotografias-de-celebrities-una-obra-de-arte\/","og_locale":"en_US","og_type":"article","og_title":"Mario Testino | Fotograf\u00edas de celebrities, una obra de arte[:en]Mario Testino | Celebrities photographs, an artwork - Arte al l\u00edmite","og_description":"Mario Testino, fot\u00f3grafo de origen Peruano que naci\u00f3 en el a\u00f1o 1954, dentro de una familia Cat\u00f3lica tradicional. Durante su adolescencia tuvo muchas dudas sobre su futura vocaci\u00f3n, pero sin...","og_url":"https:\/\/www.arteallimite.com\/en\/2018\/09\/14\/mario-testino-fotografias-de-celebrities-una-obra-de-arte\/","og_site_name":"Arte al l\u00edmite","article_published_time":"2018-09-14T16:50:51+00:00","og_image":[{"width":1536,"height":1536,"url":"https:\/\/www.arteallimite.com\/wp-content\/uploads\/2024\/08\/Mario_Testino_2014.jpg","type":"image\/jpeg"}],"author":"Mar\u00eda Guadalupe Costa","twitter_card":"summary_large_image","twitter_misc":{"Written by":"Mar\u00eda Guadalupe Costa","Est. reading time":"3 minutes"},"schema":{"@context":"https:\/\/schema.org","@graph":[{"@type":"Article","@id":"https:\/\/www.arteallimite.com\/en\/2018\/09\/14\/mario-testino-fotografias-de-celebrities-una-obra-de-arte\/#article","isPartOf":{"@id":"https:\/\/www.arteallimite.com\/en\/2018\/09\/14\/mario-testino-fotografias-de-celebrities-una-obra-de-arte\/"},"author":{"name":"Mar\u00eda Guadalupe Costa","@id":"https:\/\/www.arteallimite.com\/en\/#\/schema\/person\/e0c3a721fadffffa02689ff7082b028c"},"headline":"Mario Testino | Fotograf\u00edas de celebrities, una obra de arte[:en]Mario Testino | Celebrities photographs, an artwork","datePublished":"2018-09-14T16:50:51+00:00","mainEntityOfPage":{"@id":"https:\/\/www.arteallimite.com\/en\/2018\/09\/14\/mario-testino-fotografias-de-celebrities-una-obra-de-arte\/"},"wordCount":624,"commentCount":0,"image":{"@id":"https:\/\/www.arteallimite.com\/en\/2018\/09\/14\/mario-testino-fotografias-de-celebrities-una-obra-de-arte\/#primaryimage"},"thumbnailUrl":"https:\/\/www.arteallimite.com\/wp-content\/uploads\/2024\/08\/Mario_Testino_2014.jpg","keywords":["Mario Testino","Per\u00fa"],"articleSection":["Art\u00edculos","Miradas"],"inLanguage":"en-US","potentialAction":[{"@type":"CommentAction","name":"Comment","target":["https:\/\/www.arteallimite.com\/en\/2018\/09\/14\/mario-testino-fotografias-de-celebrities-una-obra-de-arte\/#respond"]}]},{"@type":"WebPage","@id":"https:\/\/www.arteallimite.com\/en\/2018\/09\/14\/mario-testino-fotografias-de-celebrities-una-obra-de-arte\/","url":"https:\/\/www.arteallimite.com\/en\/2018\/09\/14\/mario-testino-fotografias-de-celebrities-una-obra-de-arte\/","name":"Mario Testino | Fotograf\u00edas de celebrities, una obra de arte[:en]Mario Testino | Celebrities photographs, an artwork - Arte al l\u00edmite","isPartOf":{"@id":"https:\/\/www.arteallimite.com\/en\/#website"},"primaryImageOfPage":{"@id":"https:\/\/www.arteallimite.com\/en\/2018\/09\/14\/mario-testino-fotografias-de-celebrities-una-obra-de-arte\/#primaryimage"},"image":{"@id":"https:\/\/www.arteallimite.com\/en\/2018\/09\/14\/mario-testino-fotografias-de-celebrities-una-obra-de-arte\/#primaryimage"},"thumbnailUrl":"https:\/\/www.arteallimite.com\/wp-content\/uploads\/2024\/08\/Mario_Testino_2014.jpg","datePublished":"2018-09-14T16:50:51+00:00","author":{"@id":"https:\/\/www.arteallimite.com\/en\/#\/schema\/person\/e0c3a721fadffffa02689ff7082b028c"},"breadcrumb":{"@id":"https:\/\/www.arteallimite.com\/en\/2018\/09\/14\/mario-testino-fotografias-de-celebrities-una-obra-de-arte\/#breadcrumb"},"inLanguage":"en-US","potentialAction":[{"@type":"ReadAction","target":["https:\/\/www.arteallimite.com\/en\/2018\/09\/14\/mario-testino-fotografias-de-celebrities-una-obra-de-arte\/"]}]},{"@type":"ImageObject","inLanguage":"en-US","@id":"https:\/\/www.arteallimite.com\/en\/2018\/09\/14\/mario-testino-fotografias-de-celebrities-una-obra-de-arte\/#primaryimage","url":"https:\/\/www.arteallimite.com\/wp-content\/uploads\/2024\/08\/Mario_Testino_2014.jpg","contentUrl":"https:\/\/www.arteallimite.com\/wp-content\/uploads\/2024\/08\/Mario_Testino_2014.jpg","width":1536,"height":1536},{"@type":"BreadcrumbList","@id":"https:\/\/www.arteallimite.com\/en\/2018\/09\/14\/mario-testino-fotografias-de-celebrities-una-obra-de-arte\/#breadcrumb","itemListElement":[{"@type":"ListItem","position":1,"name":"Arte al L\u00edmite","item":"https:\/\/www.arteallimite.com\/en\/"},{"@type":"ListItem","position":2,"name":"Mario Testino | Fotograf\u00edas de celebrities, una obra de arte[:en]Mario Testino | Celebrities photographs, an artwork"}]},{"@type":"WebSite","@id":"https:\/\/www.arteallimite.com\/en\/#website","url":"https:\/\/www.arteallimite.com\/en\/","name":"Arte al l\u00edmite","description":"","potentialAction":[{"@type":"SearchAction","target":{"@type":"EntryPoint","urlTemplate":"https:\/\/www.arteallimite.com\/en\/?s={search_term_string}"},"query-input":{"@type":"PropertyValueSpecification","valueRequired":true,"valueName":"search_term_string"}}],"inLanguage":"en-US"},{"@type":"Person","@id":"https:\/\/www.arteallimite.com\/en\/#\/schema\/person\/e0c3a721fadffffa02689ff7082b028c","name":"Mar\u00eda Guadalupe Costa","image":{"@type":"ImageObject","inLanguage":"en-US","@id":"https:\/\/secure.gravatar.com\/avatar\/16855d9323aa5f759a364c341ecf671cefd6c45429f6b71892e12c51d4353795?s=96&d=mm&r=g","url":"https:\/\/secure.gravatar.com\/avatar\/16855d9323aa5f759a364c341ecf671cefd6c45429f6b71892e12c51d4353795?s=96&d=mm&r=g","contentUrl":"https:\/\/secure.gravatar.com\/avatar\/16855d9323aa5f759a364c341ecf671cefd6c45429f6b71892e12c51d4353795?s=96&d=mm&r=g","caption":"Mar\u00eda Guadalupe Costa"},"url":"https:\/\/www.arteallimite.com\/en\/author\/mariaguadalupecosta\/"}]}},"_links":{"self":[{"href":"https:\/\/www.arteallimite.com\/en\/wp-json\/wp\/v2\/posts\/893","targetHints":{"allow":["GET"]}}],"collection":[{"href":"https:\/\/www.arteallimite.com\/en\/wp-json\/wp\/v2\/posts"}],"about":[{"href":"https:\/\/www.arteallimite.com\/en\/wp-json\/wp\/v2\/types\/post"}],"author":[{"embeddable":true,"href":"https:\/\/www.arteallimite.com\/en\/wp-json\/wp\/v2\/users\/16"}],"replies":[{"embeddable":true,"href":"https:\/\/www.arteallimite.com\/en\/wp-json\/wp\/v2\/comments?post=893"}],"version-history":[{"count":0,"href":"https:\/\/www.arteallimite.com\/en\/wp-json\/wp\/v2\/posts\/893\/revisions"}],"wp:featuredmedia":[{"embeddable":true,"href":"https:\/\/www.arteallimite.com\/en\/wp-json\/wp\/v2\/media\/894"}],"wp:attachment":[{"href":"https:\/\/www.arteallimite.com\/en\/wp-json\/wp\/v2\/media?parent=893"}],"wp:term":[{"taxonomy":"category","embeddable":true,"href":"https:\/\/www.arteallimite.com\/en\/wp-json\/wp\/v2\/categories?post=893"},{"taxonomy":"post_tag","embeddable":true,"href":"https:\/\/www.arteallimite.com\/en\/wp-json\/wp\/v2\/tags?post=893"},{"taxonomy":"ano","embeddable":true,"href":"https:\/\/www.arteallimite.com\/en\/wp-json\/wp\/v2\/ano?post=893"},{"taxonomy":"artista","embeddable":true,"href":"https:\/\/www.arteallimite.com\/en\/wp-json\/wp\/v2\/artista?post=893"}],"curies":[{"name":"wp","href":"https:\/\/api.w.org\/{rel}","templated":true}]}}