{"id":850,"date":"2018-07-20T14:18:55","date_gmt":"2018-07-20T14:18:55","guid":{"rendered":"https:\/\/www.arteallimite.com\/fernando-szyszlo-una-eminencia-del-arte-latinoamericano\/"},"modified":"2018-07-20T14:18:55","modified_gmt":"2018-07-20T14:18:55","slug":"fernando-szyszlo-una-eminencia-del-arte-latinoamericano","status":"publish","type":"post","link":"https:\/\/www.arteallimite.com\/en\/2018\/07\/20\/fernando-szyszlo-una-eminencia-del-arte-latinoamericano\/","title":{"rendered":"Fernando Szyszlo | Una eminencia del arte latinoamericano[:en]Fernando Szyszlo | An expert on Latin American Art"},"content":{"rendered":"<p style=\"text-align: center;\"><strong>El artista Fernando Szyszlo naci\u00f3 el 5 de Julio de 1925 en Lima, Per\u00fa. Desde muy ni\u00f1o tuvo inquietud por la pintura, por lo que desde desde temprana edad emprendi\u00f3 su camino en el arte.\u00a0<\/strong><\/p>\n<p style=\"text-align: justify;\">Deposit\u00f3 sus energ\u00edas en la Escuela de Arte de la Pontificia Universidad Cat\u00f3lica de Per\u00fa (PUPC) en el a\u00f1o 1944. Luego de mucho tiempo dedic\u00e1ndose al arte, fue convocado para llevar a cabo su primera exhibici\u00f3n individual presentada en Lima, 1947. Desde ese entonces se convirti\u00f3 en una figura emblem\u00e1tica del ambiente nacional e internacional destac\u00e1ndose entre la escultura y la pintura.<\/p>\n<p style=\"text-align: justify;\"><a href=\"https:\/\/www.arteallimite.com\/wp-content\/uploads\/2018\/07\/peruano-fernando-de-szyszlo-letraurbana.jpg\"><img decoding=\"async\" class=\"size-full wp-image-64932 aligncenter\" src=\"https:\/\/www.arteallimite.com\/wp-content\/uploads\/2018\/07\/peruano-fernando-de-szyszlo-letraurbana.jpg\" alt=\"\" width=\"700\" height=\"400\" \/><\/a><\/p>\n<p style=\"text-align: justify;\">Su obra pict\u00f3rica, nos introduce a la abstracci\u00f3n. Uno de los temas que trasciende en su obra es: La cultura aut\u00f3ctona de Am\u00e9rica, espec\u00edficamente ind\u00edgena en su \u00e1mbito de trabajo. Se visualiza muy claramente, en su obra, la utilizaci\u00f3n de carga pict\u00f3rica, un adecuado uso de la la luz y las sombras en sus pinturas. Y se observan en sus trabajos las influencias del cubismo, surrealismo e informalismo.<\/p>\n<p style=\"text-align: justify;\">Szyszlo, ten\u00eda una gran y peque\u00f1a pasi\u00f3n por la literatura tanto que logr\u00f3 entablar grandes amistades con varios literatos como Emilio Adolfo Westphalen. Cabe destacar que Szyszlo fue miembro de la \u201cAcademia Peruana de la Lengua\u201d, gracias a su conocimiento literario.<\/p>\n<p style=\"text-align: justify;\"><a href=\"https:\/\/www.arteallimite.com\/wp-content\/uploads\/2018\/07\/pintura-fernando-de-szyszlo-2011.jpg\"><img decoding=\"async\" class=\"size-full wp-image-64931 aligncenter\" src=\"https:\/\/www.arteallimite.com\/wp-content\/uploads\/2018\/07\/pintura-fernando-de-szyszlo-2011.jpg\" alt=\"\" width=\"586\" height=\"581\" \/><\/a><\/p>\n<p style=\"text-align: justify;\">Junto a uno de sus grandes amigos, Mario Vargas Llosa, form\u00f3 parte del movimiento pol\u00edtico \u201cLibertad\u201d. Y apoy\u00f3 al al escritor a postularse como presidente del Per\u00fa en 1990, dentro de un contexto pol\u00edtico delicado con una crisis econ\u00f3mica durante el primer Gobierno de Alan Garc\u00eda P\u00e9rez.<\/p>\n<p>Por el a\u00f1o 1989, lleg\u00f3 a exhibir doce muestras en simult\u00e1neo en distintos pa\u00edses. En reconocimiento a su trayectoria y siendo una Eminencia, el pintor recibi\u00f3 la orden\u00a0<em>El Sol del Per\u00fa<\/em>\u00a0en el grado de Gran Cruz, 2011. Tambi\u00e9n ha sido distinguido en Francia y su obra se expone en diversos museos del mundo.<\/p>\n<p style=\"text-align: justify;\">Fernando Szyszlo, muri\u00f3 a sus 92 a\u00f1os junto a su mujer Liliana Y\u00e1bar de 96 a\u00f1os.\u00a0Ambos sufrieron un accidente dom\u00e9stico en su casa ubicada en San Isidro, Lima.<\/p>\n<p><a href=\"https:\/\/www.arteallimite.com\/wp-content\/uploads\/2018\/07\/GINO-ATAUCUSI_IMG_0073.jpg\"><img decoding=\"async\" class=\"size-large wp-image-64929 aligncenter\" src=\"https:\/\/www.arteallimite.com\/wp-content\/uploads\/2018\/07\/GINO-ATAUCUSI_IMG_0073-1024x376.jpg\" alt=\"\" width=\"1024\" height=\"376\" \/><\/a>[:en]\n<p style=\"text-align: center;\"><strong>The artist Fernando Szyszlo was born on July 5<sup>th<\/sup>, 1925 in Lima, Peru. From an early age he was interested in painting, so from an early age, he began his way in art.\u00a0<\/strong><\/p>\n<p>He put his efforts in the Art School of the Pontifical Catholic University of Peru (PUPC) in 1944. After a long time devoting himself to art, he was summoned to carry out his first individual exhibition in Lima, 1947. Since then, he became an emblematic figure nationally and internationally, highlighting in sculpture and painting.<\/p>\n<p style=\"text-align: justify;\"><a href=\"https:\/\/www.arteallimite.com\/wp-content\/uploads\/2018\/07\/peruano-fernando-de-szyszlo-letraurbana.jpg\"><img decoding=\"async\" class=\"size-full wp-image-64932 aligncenter\" src=\"https:\/\/www.arteallimite.com\/wp-content\/uploads\/2018\/07\/peruano-fernando-de-szyszlo-letraurbana.jpg\" alt=\"\" width=\"700\" height=\"400\" \/><\/a><\/p>\n<p>His pictorial work introduces us to the abstraction. One of the topics that go beyond his work is the native culture of America, specifically indigenous in his area of work. It is displayed clearly in his work, the use of pictorial weight, an appropriate use of light and shadows in his paintings. In his pieces can be seen the influence of cubism, surrealism, and informalism.<\/p>\n<p>Szyszlo had a big and little passion for literature, so much passion he had that he reached a friendship with several literary persons as Emilio Adolfo Westphalen. It is worth to say that Szyszlo was a member of the \u201cAcademia Peruana de la Lengua\u201d (Spanish for Peruvian Academy of Language), thanks to his literary knowledge.<\/p>\n<p style=\"text-align: justify;\"><a href=\"https:\/\/www.arteallimite.com\/wp-content\/uploads\/2018\/07\/pintura-fernando-de-szyszlo-2011.jpg\"><img decoding=\"async\" class=\"size-full wp-image-64931 aligncenter\" src=\"https:\/\/www.arteallimite.com\/wp-content\/uploads\/2018\/07\/pintura-fernando-de-szyszlo-2011.jpg\" alt=\"\" width=\"586\" height=\"581\" \/><\/a><\/p>\n<p>Together with one of his best friends, Mario Vargas Llosa, he was part of the \u201cLiberty\u201d Movement. And he supported the writer to be a candidate as president of Peru in 1990, inside a sensitive political context with an economic crisis during the first term in the government of Alan Garc\u00eda P\u00e9rez.<\/p>\n<p>By 1989, he made twelve exhibitions simultaneously in different countries. In recognition of his career and for being an expert, the painting received the\u00a0<em>El Sol del Per\u00fa<\/em>\u00a0order in the grade of Grand Cross, 2011. Also, he has been honored in France and his work is exhibited in different museums throughout the world.<\/p>\n<p>Fernando Szyszlo died at the age of 92, together with his wife Liliana Y\u00e1bar who is 96 years old.\u00a0Both of them had a domestic accident at their home located in San Isidro, Lima.<\/p>\n<p><a href=\"https:\/\/www.arteallimite.com\/wp-content\/uploads\/2018\/07\/GINO-ATAUCUSI_IMG_0073.jpg\"><img decoding=\"async\" class=\"size-large wp-image-64929 aligncenter\" src=\"https:\/\/www.arteallimite.com\/wp-content\/uploads\/2018\/07\/GINO-ATAUCUSI_IMG_0073-1024x376.jpg\" alt=\"\" width=\"1024\" height=\"376\" \/><\/a><\/p>\n","protected":false},"excerpt":{"rendered":"<p>El artista Fernando Szyszlo naci\u00f3 el 5 de Julio de 1925 en Lima, Per\u00fa. Desde muy ni\u00f1o tuvo inquietud por la pintura, por lo que desde desde temprana edad emprendi\u00f3&#8230;<\/p>\n","protected":false},"author":16,"featured_media":851,"comment_status":"open","ping_status":"open","sticky":false,"template":"","format":"standard","meta":{"_acf_changed":false,"inline_featured_image":false,"footnotes":""},"categories":[23,79],"tags":[104],"ano":[],"artista":[],"class_list":{"0":"post-850","1":"post","2":"type-post","3":"status-publish","4":"format-standard","5":"has-post-thumbnail","7":"category-articulos","8":"category-miradas","9":"tag-fernando-szyszlo"},"acf":[],"yoast_head":"<!-- This site is optimized with the Yoast SEO plugin v27.3 - https:\/\/yoast.com\/product\/yoast-seo-wordpress\/ -->\n<title>Fernando Szyszlo | Una eminencia del arte latinoamericano[:en]Fernando Szyszlo | An expert on Latin American Art - Arte al l\u00edmite<\/title>\n<meta name=\"robots\" content=\"index, follow, max-snippet:-1, max-image-preview:large, max-video-preview:-1\" \/>\n<link rel=\"canonical\" href=\"https:\/\/www.arteallimite.com\/en\/2018\/07\/20\/fernando-szyszlo-una-eminencia-del-arte-latinoamericano\/\" \/>\n<meta property=\"og:locale\" content=\"en_US\" \/>\n<meta property=\"og:type\" content=\"article\" \/>\n<meta property=\"og:title\" content=\"Fernando Szyszlo | Una eminencia del arte latinoamericano[:en]Fernando Szyszlo | An expert on Latin American Art - Arte al l\u00edmite\" \/>\n<meta property=\"og:description\" content=\"El artista Fernando Szyszlo naci\u00f3 el 5 de Julio de 1925 en Lima, Per\u00fa. Desde muy ni\u00f1o tuvo inquietud por la pintura, por lo que desde desde temprana edad emprendi\u00f3...\" \/>\n<meta property=\"og:url\" content=\"https:\/\/www.arteallimite.com\/en\/2018\/07\/20\/fernando-szyszlo-una-eminencia-del-arte-latinoamericano\/\" \/>\n<meta property=\"og:site_name\" content=\"Arte al l\u00edmite\" \/>\n<meta property=\"article:published_time\" content=\"2018-07-20T14:18:55+00:00\" \/>\n<meta property=\"og:image\" content=\"https:\/\/www.arteallimite.com\/wp-content\/uploads\/2024\/08\/5a1f360280a9b.jpeg\" \/>\n\t<meta property=\"og:image:width\" content=\"1214\" \/>\n\t<meta property=\"og:image:height\" content=\"697\" \/>\n\t<meta property=\"og:image:type\" content=\"image\/jpeg\" \/>\n<meta name=\"author\" content=\"Mar\u00eda Guadalupe Costa\" \/>\n<meta name=\"twitter:card\" content=\"summary_large_image\" \/>\n<meta name=\"twitter:label1\" content=\"Written by\" \/>\n\t<meta name=\"twitter:data1\" content=\"Mar\u00eda Guadalupe Costa\" \/>\n\t<meta name=\"twitter:label2\" content=\"Est. reading time\" \/>\n\t<meta name=\"twitter:data2\" content=\"4 minutes\" \/>\n<script type=\"application\/ld+json\" class=\"yoast-schema-graph\">{\"@context\":\"https:\\\/\\\/schema.org\",\"@graph\":[{\"@type\":\"Article\",\"@id\":\"https:\\\/\\\/www.arteallimite.com\\\/en\\\/2018\\\/07\\\/20\\\/fernando-szyszlo-una-eminencia-del-arte-latinoamericano\\\/#article\",\"isPartOf\":{\"@id\":\"https:\\\/\\\/www.arteallimite.com\\\/en\\\/2018\\\/07\\\/20\\\/fernando-szyszlo-una-eminencia-del-arte-latinoamericano\\\/\"},\"author\":{\"name\":\"Mar\u00eda Guadalupe Costa\",\"@id\":\"https:\\\/\\\/www.arteallimite.com\\\/en\\\/#\\\/schema\\\/person\\\/e0c3a721fadffffa02689ff7082b028c\"},\"headline\":\"Fernando Szyszlo | Una eminencia del arte latinoamericano[:en]Fernando Szyszlo | An expert on Latin American Art\",\"datePublished\":\"2018-07-20T14:18:55+00:00\",\"mainEntityOfPage\":{\"@id\":\"https:\\\/\\\/www.arteallimite.com\\\/en\\\/2018\\\/07\\\/20\\\/fernando-szyszlo-una-eminencia-del-arte-latinoamericano\\\/\"},\"wordCount\":719,\"commentCount\":0,\"image\":{\"@id\":\"https:\\\/\\\/www.arteallimite.com\\\/en\\\/2018\\\/07\\\/20\\\/fernando-szyszlo-una-eminencia-del-arte-latinoamericano\\\/#primaryimage\"},\"thumbnailUrl\":\"https:\\\/\\\/www.arteallimite.com\\\/wp-content\\\/uploads\\\/2024\\\/08\\\/5a1f360280a9b.jpeg\",\"keywords\":[\"Fernando Szyszlo\"],\"articleSection\":[\"Art\u00edculos\",\"Miradas\"],\"inLanguage\":\"en-US\",\"potentialAction\":[{\"@type\":\"CommentAction\",\"name\":\"Comment\",\"target\":[\"https:\\\/\\\/www.arteallimite.com\\\/en\\\/2018\\\/07\\\/20\\\/fernando-szyszlo-una-eminencia-del-arte-latinoamericano\\\/#respond\"]}]},{\"@type\":\"WebPage\",\"@id\":\"https:\\\/\\\/www.arteallimite.com\\\/en\\\/2018\\\/07\\\/20\\\/fernando-szyszlo-una-eminencia-del-arte-latinoamericano\\\/\",\"url\":\"https:\\\/\\\/www.arteallimite.com\\\/en\\\/2018\\\/07\\\/20\\\/fernando-szyszlo-una-eminencia-del-arte-latinoamericano\\\/\",\"name\":\"Fernando Szyszlo | Una eminencia del arte latinoamericano[:en]Fernando Szyszlo | An expert on Latin American Art - Arte al l\u00edmite\",\"isPartOf\":{\"@id\":\"https:\\\/\\\/www.arteallimite.com\\\/en\\\/#website\"},\"primaryImageOfPage\":{\"@id\":\"https:\\\/\\\/www.arteallimite.com\\\/en\\\/2018\\\/07\\\/20\\\/fernando-szyszlo-una-eminencia-del-arte-latinoamericano\\\/#primaryimage\"},\"image\":{\"@id\":\"https:\\\/\\\/www.arteallimite.com\\\/en\\\/2018\\\/07\\\/20\\\/fernando-szyszlo-una-eminencia-del-arte-latinoamericano\\\/#primaryimage\"},\"thumbnailUrl\":\"https:\\\/\\\/www.arteallimite.com\\\/wp-content\\\/uploads\\\/2024\\\/08\\\/5a1f360280a9b.jpeg\",\"datePublished\":\"2018-07-20T14:18:55+00:00\",\"author\":{\"@id\":\"https:\\\/\\\/www.arteallimite.com\\\/en\\\/#\\\/schema\\\/person\\\/e0c3a721fadffffa02689ff7082b028c\"},\"breadcrumb\":{\"@id\":\"https:\\\/\\\/www.arteallimite.com\\\/en\\\/2018\\\/07\\\/20\\\/fernando-szyszlo-una-eminencia-del-arte-latinoamericano\\\/#breadcrumb\"},\"inLanguage\":\"en-US\",\"potentialAction\":[{\"@type\":\"ReadAction\",\"target\":[\"https:\\\/\\\/www.arteallimite.com\\\/en\\\/2018\\\/07\\\/20\\\/fernando-szyszlo-una-eminencia-del-arte-latinoamericano\\\/\"]}]},{\"@type\":\"ImageObject\",\"inLanguage\":\"en-US\",\"@id\":\"https:\\\/\\\/www.arteallimite.com\\\/en\\\/2018\\\/07\\\/20\\\/fernando-szyszlo-una-eminencia-del-arte-latinoamericano\\\/#primaryimage\",\"url\":\"https:\\\/\\\/www.arteallimite.com\\\/wp-content\\\/uploads\\\/2024\\\/08\\\/5a1f360280a9b.jpeg\",\"contentUrl\":\"https:\\\/\\\/www.arteallimite.com\\\/wp-content\\\/uploads\\\/2024\\\/08\\\/5a1f360280a9b.jpeg\",\"width\":1214,\"height\":697},{\"@type\":\"BreadcrumbList\",\"@id\":\"https:\\\/\\\/www.arteallimite.com\\\/en\\\/2018\\\/07\\\/20\\\/fernando-szyszlo-una-eminencia-del-arte-latinoamericano\\\/#breadcrumb\",\"itemListElement\":[{\"@type\":\"ListItem\",\"position\":1,\"name\":\"Arte al L\u00edmite\",\"item\":\"https:\\\/\\\/www.arteallimite.com\\\/en\\\/\"},{\"@type\":\"ListItem\",\"position\":2,\"name\":\"Fernando Szyszlo | Una eminencia del arte latinoamericano[:en]Fernando Szyszlo | An expert on Latin American Art\"}]},{\"@type\":\"WebSite\",\"@id\":\"https:\\\/\\\/www.arteallimite.com\\\/en\\\/#website\",\"url\":\"https:\\\/\\\/www.arteallimite.com\\\/en\\\/\",\"name\":\"Arte al l\u00edmite\",\"description\":\"\",\"potentialAction\":[{\"@type\":\"SearchAction\",\"target\":{\"@type\":\"EntryPoint\",\"urlTemplate\":\"https:\\\/\\\/www.arteallimite.com\\\/en\\\/?s={search_term_string}\"},\"query-input\":{\"@type\":\"PropertyValueSpecification\",\"valueRequired\":true,\"valueName\":\"search_term_string\"}}],\"inLanguage\":\"en-US\"},{\"@type\":\"Person\",\"@id\":\"https:\\\/\\\/www.arteallimite.com\\\/en\\\/#\\\/schema\\\/person\\\/e0c3a721fadffffa02689ff7082b028c\",\"name\":\"Mar\u00eda Guadalupe Costa\",\"image\":{\"@type\":\"ImageObject\",\"inLanguage\":\"en-US\",\"@id\":\"https:\\\/\\\/secure.gravatar.com\\\/avatar\\\/16855d9323aa5f759a364c341ecf671cefd6c45429f6b71892e12c51d4353795?s=96&d=mm&r=g\",\"url\":\"https:\\\/\\\/secure.gravatar.com\\\/avatar\\\/16855d9323aa5f759a364c341ecf671cefd6c45429f6b71892e12c51d4353795?s=96&d=mm&r=g\",\"contentUrl\":\"https:\\\/\\\/secure.gravatar.com\\\/avatar\\\/16855d9323aa5f759a364c341ecf671cefd6c45429f6b71892e12c51d4353795?s=96&d=mm&r=g\",\"caption\":\"Mar\u00eda Guadalupe Costa\"},\"url\":\"https:\\\/\\\/www.arteallimite.com\\\/en\\\/author\\\/mariaguadalupecosta\\\/\"}]}<\/script>\n<!-- \/ Yoast SEO plugin. -->","yoast_head_json":{"title":"Fernando Szyszlo | Una eminencia del arte latinoamericano[:en]Fernando Szyszlo | An expert on Latin American Art - Arte al l\u00edmite","robots":{"index":"index","follow":"follow","max-snippet":"max-snippet:-1","max-image-preview":"max-image-preview:large","max-video-preview":"max-video-preview:-1"},"canonical":"https:\/\/www.arteallimite.com\/en\/2018\/07\/20\/fernando-szyszlo-una-eminencia-del-arte-latinoamericano\/","og_locale":"en_US","og_type":"article","og_title":"Fernando Szyszlo | Una eminencia del arte latinoamericano[:en]Fernando Szyszlo | An expert on Latin American Art - Arte al l\u00edmite","og_description":"El artista Fernando Szyszlo naci\u00f3 el 5 de Julio de 1925 en Lima, Per\u00fa. Desde muy ni\u00f1o tuvo inquietud por la pintura, por lo que desde desde temprana edad emprendi\u00f3...","og_url":"https:\/\/www.arteallimite.com\/en\/2018\/07\/20\/fernando-szyszlo-una-eminencia-del-arte-latinoamericano\/","og_site_name":"Arte al l\u00edmite","article_published_time":"2018-07-20T14:18:55+00:00","og_image":[{"width":1214,"height":697,"url":"https:\/\/www.arteallimite.com\/wp-content\/uploads\/2024\/08\/5a1f360280a9b.jpeg","type":"image\/jpeg"}],"author":"Mar\u00eda Guadalupe Costa","twitter_card":"summary_large_image","twitter_misc":{"Written by":"Mar\u00eda Guadalupe Costa","Est. reading time":"4 minutes"},"schema":{"@context":"https:\/\/schema.org","@graph":[{"@type":"Article","@id":"https:\/\/www.arteallimite.com\/en\/2018\/07\/20\/fernando-szyszlo-una-eminencia-del-arte-latinoamericano\/#article","isPartOf":{"@id":"https:\/\/www.arteallimite.com\/en\/2018\/07\/20\/fernando-szyszlo-una-eminencia-del-arte-latinoamericano\/"},"author":{"name":"Mar\u00eda Guadalupe Costa","@id":"https:\/\/www.arteallimite.com\/en\/#\/schema\/person\/e0c3a721fadffffa02689ff7082b028c"},"headline":"Fernando Szyszlo | Una eminencia del arte latinoamericano[:en]Fernando Szyszlo | An expert on Latin American Art","datePublished":"2018-07-20T14:18:55+00:00","mainEntityOfPage":{"@id":"https:\/\/www.arteallimite.com\/en\/2018\/07\/20\/fernando-szyszlo-una-eminencia-del-arte-latinoamericano\/"},"wordCount":719,"commentCount":0,"image":{"@id":"https:\/\/www.arteallimite.com\/en\/2018\/07\/20\/fernando-szyszlo-una-eminencia-del-arte-latinoamericano\/#primaryimage"},"thumbnailUrl":"https:\/\/www.arteallimite.com\/wp-content\/uploads\/2024\/08\/5a1f360280a9b.jpeg","keywords":["Fernando Szyszlo"],"articleSection":["Art\u00edculos","Miradas"],"inLanguage":"en-US","potentialAction":[{"@type":"CommentAction","name":"Comment","target":["https:\/\/www.arteallimite.com\/en\/2018\/07\/20\/fernando-szyszlo-una-eminencia-del-arte-latinoamericano\/#respond"]}]},{"@type":"WebPage","@id":"https:\/\/www.arteallimite.com\/en\/2018\/07\/20\/fernando-szyszlo-una-eminencia-del-arte-latinoamericano\/","url":"https:\/\/www.arteallimite.com\/en\/2018\/07\/20\/fernando-szyszlo-una-eminencia-del-arte-latinoamericano\/","name":"Fernando Szyszlo | Una eminencia del arte latinoamericano[:en]Fernando Szyszlo | An expert on Latin American Art - Arte al l\u00edmite","isPartOf":{"@id":"https:\/\/www.arteallimite.com\/en\/#website"},"primaryImageOfPage":{"@id":"https:\/\/www.arteallimite.com\/en\/2018\/07\/20\/fernando-szyszlo-una-eminencia-del-arte-latinoamericano\/#primaryimage"},"image":{"@id":"https:\/\/www.arteallimite.com\/en\/2018\/07\/20\/fernando-szyszlo-una-eminencia-del-arte-latinoamericano\/#primaryimage"},"thumbnailUrl":"https:\/\/www.arteallimite.com\/wp-content\/uploads\/2024\/08\/5a1f360280a9b.jpeg","datePublished":"2018-07-20T14:18:55+00:00","author":{"@id":"https:\/\/www.arteallimite.com\/en\/#\/schema\/person\/e0c3a721fadffffa02689ff7082b028c"},"breadcrumb":{"@id":"https:\/\/www.arteallimite.com\/en\/2018\/07\/20\/fernando-szyszlo-una-eminencia-del-arte-latinoamericano\/#breadcrumb"},"inLanguage":"en-US","potentialAction":[{"@type":"ReadAction","target":["https:\/\/www.arteallimite.com\/en\/2018\/07\/20\/fernando-szyszlo-una-eminencia-del-arte-latinoamericano\/"]}]},{"@type":"ImageObject","inLanguage":"en-US","@id":"https:\/\/www.arteallimite.com\/en\/2018\/07\/20\/fernando-szyszlo-una-eminencia-del-arte-latinoamericano\/#primaryimage","url":"https:\/\/www.arteallimite.com\/wp-content\/uploads\/2024\/08\/5a1f360280a9b.jpeg","contentUrl":"https:\/\/www.arteallimite.com\/wp-content\/uploads\/2024\/08\/5a1f360280a9b.jpeg","width":1214,"height":697},{"@type":"BreadcrumbList","@id":"https:\/\/www.arteallimite.com\/en\/2018\/07\/20\/fernando-szyszlo-una-eminencia-del-arte-latinoamericano\/#breadcrumb","itemListElement":[{"@type":"ListItem","position":1,"name":"Arte al L\u00edmite","item":"https:\/\/www.arteallimite.com\/en\/"},{"@type":"ListItem","position":2,"name":"Fernando Szyszlo | Una eminencia del arte latinoamericano[:en]Fernando Szyszlo | An expert on Latin American Art"}]},{"@type":"WebSite","@id":"https:\/\/www.arteallimite.com\/en\/#website","url":"https:\/\/www.arteallimite.com\/en\/","name":"Arte al l\u00edmite","description":"","potentialAction":[{"@type":"SearchAction","target":{"@type":"EntryPoint","urlTemplate":"https:\/\/www.arteallimite.com\/en\/?s={search_term_string}"},"query-input":{"@type":"PropertyValueSpecification","valueRequired":true,"valueName":"search_term_string"}}],"inLanguage":"en-US"},{"@type":"Person","@id":"https:\/\/www.arteallimite.com\/en\/#\/schema\/person\/e0c3a721fadffffa02689ff7082b028c","name":"Mar\u00eda Guadalupe Costa","image":{"@type":"ImageObject","inLanguage":"en-US","@id":"https:\/\/secure.gravatar.com\/avatar\/16855d9323aa5f759a364c341ecf671cefd6c45429f6b71892e12c51d4353795?s=96&d=mm&r=g","url":"https:\/\/secure.gravatar.com\/avatar\/16855d9323aa5f759a364c341ecf671cefd6c45429f6b71892e12c51d4353795?s=96&d=mm&r=g","contentUrl":"https:\/\/secure.gravatar.com\/avatar\/16855d9323aa5f759a364c341ecf671cefd6c45429f6b71892e12c51d4353795?s=96&d=mm&r=g","caption":"Mar\u00eda Guadalupe Costa"},"url":"https:\/\/www.arteallimite.com\/en\/author\/mariaguadalupecosta\/"}]}},"_links":{"self":[{"href":"https:\/\/www.arteallimite.com\/en\/wp-json\/wp\/v2\/posts\/850","targetHints":{"allow":["GET"]}}],"collection":[{"href":"https:\/\/www.arteallimite.com\/en\/wp-json\/wp\/v2\/posts"}],"about":[{"href":"https:\/\/www.arteallimite.com\/en\/wp-json\/wp\/v2\/types\/post"}],"author":[{"embeddable":true,"href":"https:\/\/www.arteallimite.com\/en\/wp-json\/wp\/v2\/users\/16"}],"replies":[{"embeddable":true,"href":"https:\/\/www.arteallimite.com\/en\/wp-json\/wp\/v2\/comments?post=850"}],"version-history":[{"count":0,"href":"https:\/\/www.arteallimite.com\/en\/wp-json\/wp\/v2\/posts\/850\/revisions"}],"wp:featuredmedia":[{"embeddable":true,"href":"https:\/\/www.arteallimite.com\/en\/wp-json\/wp\/v2\/media\/851"}],"wp:attachment":[{"href":"https:\/\/www.arteallimite.com\/en\/wp-json\/wp\/v2\/media?parent=850"}],"wp:term":[{"taxonomy":"category","embeddable":true,"href":"https:\/\/www.arteallimite.com\/en\/wp-json\/wp\/v2\/categories?post=850"},{"taxonomy":"post_tag","embeddable":true,"href":"https:\/\/www.arteallimite.com\/en\/wp-json\/wp\/v2\/tags?post=850"},{"taxonomy":"ano","embeddable":true,"href":"https:\/\/www.arteallimite.com\/en\/wp-json\/wp\/v2\/ano?post=850"},{"taxonomy":"artista","embeddable":true,"href":"https:\/\/www.arteallimite.com\/en\/wp-json\/wp\/v2\/artista?post=850"}],"curies":[{"name":"wp","href":"https:\/\/api.w.org\/{rel}","templated":true}]}}