{"id":662,"date":"2018-10-02T20:38:45","date_gmt":"2018-10-02T20:38:45","guid":{"rendered":"https:\/\/www.arteallimite.com\/edificio-transoceanica-solarium-corbusiano\/"},"modified":"2018-10-02T20:38:45","modified_gmt":"2018-10-02T20:38:45","slug":"edificio-transoceanica-solarium-corbusiano","status":"publish","type":"post","link":"https:\/\/www.arteallimite.com\/en\/2018\/10\/02\/edificio-transoceanica-solarium-corbusiano\/","title":{"rendered":"[:es]Edificio Transoce\u00e1nica | Sol\u00e1rium Corbusiano[:]"},"content":{"rendered":"[:es]\n<p style=\"text-align: justify;\">A la distancia, como un t\u00edmido tepuy se alza el edificio detr\u00e1s de m\u00faltiples jardines, aunque por experiencia, no recomiendo juzgar a los edificios desde su lejan\u00eda.<\/p>\n<p style=\"text-align: justify;\">Mientras me fui acercando a los jardines la temperatura baj\u00f3 s\u00fabitamente y logr\u00e9 notar que no eran simples pasturas aquello que se ve\u00eda de lejos como tal, sino unos buc\u00f3licos jardines acu\u00e1ticos con vastas zonas calmas y carentes de vegetaci\u00f3n que reflejaban la fachada y la encandilante luz del sol.<\/p>\n<ul>\n<li style=\"text-align: center;\"><span style=\"color: #00ccff;\"><strong>Te podr\u00eda interesar:<\/strong><\/span><\/li>\n<\/ul>\n<p style=\"text-align: center;\"><a href=\"https:\/\/www.arteallimite.com\/2018\/09\/25\/aal-amplia-sus-limites-en-plataforma-web-y-se-transforma-en-revista-cultural\/\">AAL ampl\u00eda sus l\u00edmites en plataforma web y se transforma en revista cultural<\/a><\/p>\n<p style=\"text-align: center;\"><a href=\"https:\/\/www.arteallimite.com\/2018\/10\/01\/playback-guasap-del-oyente-lector\/\">PlayBack \/ Guasap del oyente-lector<\/a><\/p>\n<p style=\"text-align: justify;\">La concavidad generada entre la fluida retracci\u00f3n de la fachada y el leve descenso de unas escalinatas a modo de anfiteatro estirado, te reciben y \u2013a la vez\u2013 aquella tupida primera impresi\u00f3n de los parasoles verticales de madera que se percibe desde lejos se desintegra en la entrada acristalada, la cual permite atravesar por entero la edificaci\u00f3n, y mantener la mirada incluso en las \u00e1reas verdes ubicadas en su parte posterior.<\/p>\n<p style=\"text-align: justify;\">El hall, es el espacio donde el edificio se desnuda, desde \u00e9l puedes comprender el modo en que se estructura y el c\u00f3mo se conectan los cuerpos a ambos lados por medio de rampas que bordean en espiral al hall. Estas se ensanchan volcando violentamente el sentido de la curva justo donde est\u00e1n los ascensores, generando un balc\u00f3n teatral hacia el interior. Adem\u00e1s, el hall posee la misma altura de la edificaci\u00f3n en general, permitiendo a la iluminaci\u00f3n natural entrar por el ligero y casi trasl\u00facido techo, y dibujar las brutalistas vigas de concreto que lo sostienen.<\/p>\n<div id=\"attachment_65798\" style=\"width: 760px\" class=\"wp-caption aligncenter\"><a href=\"https:\/\/www.arteallimite.com\/wp-content\/uploads\/2018\/10\/1288274027-trans6.jpg\"><img decoding=\"async\" aria-describedby=\"caption-attachment-65798\" class=\"size-full wp-image-65798\" src=\"https:\/\/www.arteallimite.com\/wp-content\/uploads\/2018\/10\/1288274027-trans6.jpg\" alt=\"Fuente: http:\/\/www.emb.cl\/construccion\/articulo.mvc?xid=595&#038;edi=26&#038;xit=edificio-transoceanica-diseno-innovacion-y-sustentabilidad\" width=\"750\" height=\"443\" \/><\/a><p id=\"caption-attachment-65798\" class=\"wp-caption-text\">Fuente: http:\/\/www.emb.cl\/construccion\/articulo.mvc?xid=595&#038;edi=26&#038;xit=edificio-transoceanica-diseno-innovacion-y-sustentabilidad<\/p><\/div>\n<p style=\"text-align: justify;\">Si eres muy perceptivo, notas que hay unas ventanas peque\u00f1as como claraboyas en la parte superior del hall, est\u00e1s te hacen comprender que el techo del edificio es m\u00e1s que mera terminaci\u00f3n in\u00fatil y deshabitada. De modo que pregunt\u00e9 a la recepcionista como llegar all\u00e1. Se\u00f1alado hacia los ascensores, explica que puedo macar el \u00faltimo piso para llegar hasta ese espacio. Sin embargo prefer\u00ed marcar solo n\u00famero 2 para transitar por las largas rampas que permiten apreciar la Promenade que gira en torno al hall, la cual deja ver las oficinas y parte del exterior.<\/p>\n<p style=\"text-align: justify;\">Al pasar la puerta batiente de cristal que conecta el interior con el techo habitable del edificio, se puede percibir un poco, aun sin perder la escala, un silencioso lugar aislado por paneles de vidrio que contin\u00faan 3 metros sobre el piso del techo. En ese momento el sol me quema levemente entre parasoles, ahora horizontales, mientras a medias observo hacia el norte, entre cerramientos, el Cerro Manquehue. Al otro lado, las peque\u00f1as ventanas que dilucid\u00e9 desde el hall, en las cuales me inclin\u00e9 para mirar por mera curiosidad. \u00bfTendr\u00e1n alguna funci\u00f3n real?, desde ah\u00ed solo se observan las rampas y el hall desde una vista similar, percibida ya durante el recorrido.<\/p>\n<p style=\"text-align: justify;\"><a href=\"https:\/\/www.arteallimite.com\/wp-content\/uploads\/2018\/10\/transoceanica-2.jpg\"><img decoding=\"async\" class=\"size-large wp-image-65843 aligncenter\" src=\"https:\/\/www.arteallimite.com\/wp-content\/uploads\/2018\/10\/transoceanica-2-768x1024.jpg\" alt=\"\" width=\"768\" height=\"1024\" \/><\/a><\/p>\n<p style=\"text-align: justify;\">El piso de aquella generosa terraza de madera fluye levemente entre dos medios niveles unidos por una rampa que se siente m\u00e1s ancha hacia la coyuntura de esos desniveles. La descomunal proporci\u00f3n de la terraza se humaniza con vol\u00famenes en concreto y madera, que forman las cajas de servicio y jardineras respectivamente, estas dividen el espacio y forman escalas m\u00e1s \u00edntimas, que te hacen sentir acogido por las sombra de los peque\u00f1os arbustos, y al mismo tiempo, despejado por el vasto cielo.<\/p>\n<p style=\"text-align: justify;\"><a href=\"https:\/\/www.arteallimite.com\/wp-content\/uploads\/2018\/10\/transoceanica-4-b.jpg\"><img decoding=\"async\" class=\"size-large wp-image-65845 aligncenter\" src=\"https:\/\/www.arteallimite.com\/wp-content\/uploads\/2018\/10\/transoceanica-4-b-1024x720.jpg\" alt=\"\" width=\"1024\" height=\"720\" \/><\/a><\/p>\n<p style=\"text-align: justify;\">Al regresar la mirada a las escaleras que permiten el mantenimiento de los equipos de acondicionamiento de aire, se agradece a la firma +arquitectos, la genialidad de hacer que estas \u2013a su vez\u2013 permitan admirar el paisaje, a las monta\u00f1as, a un instante que merece en retribuci\u00f3n cualquier persona que gustosamente dedique su energ\u00eda por un prop\u00f3sito ajeno.<\/p>\n<p style=\"text-align: justify;\"><a href=\"https:\/\/www.arteallimite.com\/wp-content\/uploads\/2018\/10\/transoceanica-3.jpg\"><img decoding=\"async\" class=\"size-large wp-image-65844 aligncenter\" src=\"https:\/\/www.arteallimite.com\/wp-content\/uploads\/2018\/10\/transoceanica-3-1024x768.jpg\" alt=\"\" width=\"1024\" height=\"768\" \/><\/a><\/p>\n<p style=\"text-align: justify;\">\n<p>\u00a0<\/p>\n<p>\u00a0[:]\n","protected":false},"excerpt":{"rendered":"<p>[:es] A la distancia, como un t\u00edmido tepuy se alza el edificio detr\u00e1s de m\u00faltiples jardines, aunque por experiencia, no recomiendo juzgar a los edificios desde su lejan\u00eda. Mientras me&#8230;<\/p>\n","protected":false},"author":159,"featured_media":663,"comment_status":"open","ping_status":"open","sticky":false,"template":"","format":"standard","meta":{"_acf_changed":false,"inline_featured_image":false,"footnotes":""},"categories":[42,23,40],"tags":[],"ano":[],"artista":[],"class_list":{"0":"post-662","1":"post","2":"type-post","3":"status-publish","4":"format-standard","5":"has-post-thumbnail","7":"category-arquitectura","8":"category-articulos","9":"category-cronica"},"acf":[],"yoast_head":"<!-- This site is optimized with the Yoast SEO plugin v27.3 - https:\/\/yoast.com\/product\/yoast-seo-wordpress\/ -->\n<title>[:es]Edificio Transoce\u00e1nica | Sol\u00e1rium Corbusiano[:] - Arte al l\u00edmite<\/title>\n<meta name=\"robots\" content=\"index, follow, max-snippet:-1, max-image-preview:large, max-video-preview:-1\" \/>\n<link rel=\"canonical\" href=\"https:\/\/www.arteallimite.com\/en\/2018\/10\/02\/edificio-transoceanica-solarium-corbusiano\/\" \/>\n<meta property=\"og:locale\" content=\"en_US\" \/>\n<meta property=\"og:type\" content=\"article\" \/>\n<meta property=\"og:title\" content=\"[:es]Edificio Transoce\u00e1nica | Sol\u00e1rium Corbusiano[:] - Arte al l\u00edmite\" \/>\n<meta property=\"og:description\" content=\"[:es] A la distancia, como un t\u00edmido tepuy se alza el edificio detr\u00e1s de m\u00faltiples jardines, aunque por experiencia, no recomiendo juzgar a los edificios desde su lejan\u00eda. Mientras me...\" \/>\n<meta property=\"og:url\" content=\"https:\/\/www.arteallimite.com\/en\/2018\/10\/02\/edificio-transoceanica-solarium-corbusiano\/\" \/>\n<meta property=\"og:site_name\" content=\"Arte al l\u00edmite\" \/>\n<meta property=\"article:published_time\" content=\"2018-10-02T20:38:45+00:00\" \/>\n<meta property=\"og:image\" content=\"https:\/\/www.arteallimite.com\/wp-content\/uploads\/2024\/08\/87_Vitacura_Edificio-Transoceanica-1-1.jpg\" \/>\n\t<meta property=\"og:image:width\" content=\"1500\" \/>\n\t<meta property=\"og:image:height\" content=\"1000\" \/>\n\t<meta property=\"og:image:type\" content=\"image\/jpeg\" \/>\n<meta name=\"author\" content=\"Wilder Rios\" \/>\n<meta name=\"twitter:card\" content=\"summary_large_image\" \/>\n<meta name=\"twitter:label1\" content=\"Written by\" \/>\n\t<meta name=\"twitter:data1\" content=\"Wilder Rios\" \/>\n\t<meta name=\"twitter:label2\" content=\"Est. reading time\" \/>\n\t<meta name=\"twitter:data2\" content=\"3 minutes\" \/>\n<script type=\"application\/ld+json\" class=\"yoast-schema-graph\">{\"@context\":\"https:\\\/\\\/schema.org\",\"@graph\":[{\"@type\":\"Article\",\"@id\":\"https:\\\/\\\/www.arteallimite.com\\\/en\\\/2018\\\/10\\\/02\\\/edificio-transoceanica-solarium-corbusiano\\\/#article\",\"isPartOf\":{\"@id\":\"https:\\\/\\\/www.arteallimite.com\\\/en\\\/2018\\\/10\\\/02\\\/edificio-transoceanica-solarium-corbusiano\\\/\"},\"author\":{\"name\":\"Wilder Rios\",\"@id\":\"https:\\\/\\\/www.arteallimite.com\\\/en\\\/#\\\/schema\\\/person\\\/1aead86e7a12fee6ce75be2d5b775def\"},\"headline\":\"[:es]Edificio Transoce\u00e1nica | Sol\u00e1rium Corbusiano[:]\",\"datePublished\":\"2018-10-02T20:38:45+00:00\",\"mainEntityOfPage\":{\"@id\":\"https:\\\/\\\/www.arteallimite.com\\\/en\\\/2018\\\/10\\\/02\\\/edificio-transoceanica-solarium-corbusiano\\\/\"},\"wordCount\":679,\"commentCount\":0,\"image\":{\"@id\":\"https:\\\/\\\/www.arteallimite.com\\\/en\\\/2018\\\/10\\\/02\\\/edificio-transoceanica-solarium-corbusiano\\\/#primaryimage\"},\"thumbnailUrl\":\"https:\\\/\\\/www.arteallimite.com\\\/wp-content\\\/uploads\\\/2024\\\/08\\\/87_Vitacura_Edificio-Transoceanica-1-1.jpg\",\"articleSection\":[\"Arquitectura\",\"Art\u00edculos\",\"Cr\u00f3nica\"],\"inLanguage\":\"en-US\",\"potentialAction\":[{\"@type\":\"CommentAction\",\"name\":\"Comment\",\"target\":[\"https:\\\/\\\/www.arteallimite.com\\\/en\\\/2018\\\/10\\\/02\\\/edificio-transoceanica-solarium-corbusiano\\\/#respond\"]}]},{\"@type\":\"WebPage\",\"@id\":\"https:\\\/\\\/www.arteallimite.com\\\/en\\\/2018\\\/10\\\/02\\\/edificio-transoceanica-solarium-corbusiano\\\/\",\"url\":\"https:\\\/\\\/www.arteallimite.com\\\/en\\\/2018\\\/10\\\/02\\\/edificio-transoceanica-solarium-corbusiano\\\/\",\"name\":\"[:es]Edificio Transoce\u00e1nica | Sol\u00e1rium Corbusiano[:] - Arte al l\u00edmite\",\"isPartOf\":{\"@id\":\"https:\\\/\\\/www.arteallimite.com\\\/en\\\/#website\"},\"primaryImageOfPage\":{\"@id\":\"https:\\\/\\\/www.arteallimite.com\\\/en\\\/2018\\\/10\\\/02\\\/edificio-transoceanica-solarium-corbusiano\\\/#primaryimage\"},\"image\":{\"@id\":\"https:\\\/\\\/www.arteallimite.com\\\/en\\\/2018\\\/10\\\/02\\\/edificio-transoceanica-solarium-corbusiano\\\/#primaryimage\"},\"thumbnailUrl\":\"https:\\\/\\\/www.arteallimite.com\\\/wp-content\\\/uploads\\\/2024\\\/08\\\/87_Vitacura_Edificio-Transoceanica-1-1.jpg\",\"datePublished\":\"2018-10-02T20:38:45+00:00\",\"author\":{\"@id\":\"https:\\\/\\\/www.arteallimite.com\\\/en\\\/#\\\/schema\\\/person\\\/1aead86e7a12fee6ce75be2d5b775def\"},\"breadcrumb\":{\"@id\":\"https:\\\/\\\/www.arteallimite.com\\\/en\\\/2018\\\/10\\\/02\\\/edificio-transoceanica-solarium-corbusiano\\\/#breadcrumb\"},\"inLanguage\":\"en-US\",\"potentialAction\":[{\"@type\":\"ReadAction\",\"target\":[\"https:\\\/\\\/www.arteallimite.com\\\/en\\\/2018\\\/10\\\/02\\\/edificio-transoceanica-solarium-corbusiano\\\/\"]}]},{\"@type\":\"ImageObject\",\"inLanguage\":\"en-US\",\"@id\":\"https:\\\/\\\/www.arteallimite.com\\\/en\\\/2018\\\/10\\\/02\\\/edificio-transoceanica-solarium-corbusiano\\\/#primaryimage\",\"url\":\"https:\\\/\\\/www.arteallimite.com\\\/wp-content\\\/uploads\\\/2024\\\/08\\\/87_Vitacura_Edificio-Transoceanica-1-1.jpg\",\"contentUrl\":\"https:\\\/\\\/www.arteallimite.com\\\/wp-content\\\/uploads\\\/2024\\\/08\\\/87_Vitacura_Edificio-Transoceanica-1-1.jpg\",\"width\":1500,\"height\":1000},{\"@type\":\"BreadcrumbList\",\"@id\":\"https:\\\/\\\/www.arteallimite.com\\\/en\\\/2018\\\/10\\\/02\\\/edificio-transoceanica-solarium-corbusiano\\\/#breadcrumb\",\"itemListElement\":[{\"@type\":\"ListItem\",\"position\":1,\"name\":\"Arte al L\u00edmite\",\"item\":\"https:\\\/\\\/www.arteallimite.com\\\/en\\\/\"},{\"@type\":\"ListItem\",\"position\":2,\"name\":\"[:es]Edificio Transoce\u00e1nica | Sol\u00e1rium Corbusiano[:]\"}]},{\"@type\":\"WebSite\",\"@id\":\"https:\\\/\\\/www.arteallimite.com\\\/en\\\/#website\",\"url\":\"https:\\\/\\\/www.arteallimite.com\\\/en\\\/\",\"name\":\"Arte al l\u00edmite\",\"description\":\"\",\"potentialAction\":[{\"@type\":\"SearchAction\",\"target\":{\"@type\":\"EntryPoint\",\"urlTemplate\":\"https:\\\/\\\/www.arteallimite.com\\\/en\\\/?s={search_term_string}\"},\"query-input\":{\"@type\":\"PropertyValueSpecification\",\"valueRequired\":true,\"valueName\":\"search_term_string\"}}],\"inLanguage\":\"en-US\"},{\"@type\":\"Person\",\"@id\":\"https:\\\/\\\/www.arteallimite.com\\\/en\\\/#\\\/schema\\\/person\\\/1aead86e7a12fee6ce75be2d5b775def\",\"name\":\"Wilder Rios\",\"image\":{\"@type\":\"ImageObject\",\"inLanguage\":\"en-US\",\"@id\":\"https:\\\/\\\/secure.gravatar.com\\\/avatar\\\/8cf75a5f4d4023880624fb1de7c525c51aa805abb28745ef5b95c2086139a0f6?s=96&d=mm&r=g\",\"url\":\"https:\\\/\\\/secure.gravatar.com\\\/avatar\\\/8cf75a5f4d4023880624fb1de7c525c51aa805abb28745ef5b95c2086139a0f6?s=96&d=mm&r=g\",\"contentUrl\":\"https:\\\/\\\/secure.gravatar.com\\\/avatar\\\/8cf75a5f4d4023880624fb1de7c525c51aa805abb28745ef5b95c2086139a0f6?s=96&d=mm&r=g\",\"caption\":\"Wilder Rios\"},\"url\":\"https:\\\/\\\/www.arteallimite.com\\\/en\\\/author\\\/wilderrios\\\/\"}]}<\/script>\n<!-- \/ Yoast SEO plugin. -->","yoast_head_json":{"title":"[:es]Edificio Transoce\u00e1nica | Sol\u00e1rium Corbusiano[:] - Arte al l\u00edmite","robots":{"index":"index","follow":"follow","max-snippet":"max-snippet:-1","max-image-preview":"max-image-preview:large","max-video-preview":"max-video-preview:-1"},"canonical":"https:\/\/www.arteallimite.com\/en\/2018\/10\/02\/edificio-transoceanica-solarium-corbusiano\/","og_locale":"en_US","og_type":"article","og_title":"[:es]Edificio Transoce\u00e1nica | Sol\u00e1rium Corbusiano[:] - Arte al l\u00edmite","og_description":"[:es] A la distancia, como un t\u00edmido tepuy se alza el edificio detr\u00e1s de m\u00faltiples jardines, aunque por experiencia, no recomiendo juzgar a los edificios desde su lejan\u00eda. Mientras me...","og_url":"https:\/\/www.arteallimite.com\/en\/2018\/10\/02\/edificio-transoceanica-solarium-corbusiano\/","og_site_name":"Arte al l\u00edmite","article_published_time":"2018-10-02T20:38:45+00:00","og_image":[{"width":1500,"height":1000,"url":"https:\/\/www.arteallimite.com\/wp-content\/uploads\/2024\/08\/87_Vitacura_Edificio-Transoceanica-1-1.jpg","type":"image\/jpeg"}],"author":"Wilder Rios","twitter_card":"summary_large_image","twitter_misc":{"Written by":"Wilder Rios","Est. reading time":"3 minutes"},"schema":{"@context":"https:\/\/schema.org","@graph":[{"@type":"Article","@id":"https:\/\/www.arteallimite.com\/en\/2018\/10\/02\/edificio-transoceanica-solarium-corbusiano\/#article","isPartOf":{"@id":"https:\/\/www.arteallimite.com\/en\/2018\/10\/02\/edificio-transoceanica-solarium-corbusiano\/"},"author":{"name":"Wilder Rios","@id":"https:\/\/www.arteallimite.com\/en\/#\/schema\/person\/1aead86e7a12fee6ce75be2d5b775def"},"headline":"[:es]Edificio Transoce\u00e1nica | Sol\u00e1rium Corbusiano[:]","datePublished":"2018-10-02T20:38:45+00:00","mainEntityOfPage":{"@id":"https:\/\/www.arteallimite.com\/en\/2018\/10\/02\/edificio-transoceanica-solarium-corbusiano\/"},"wordCount":679,"commentCount":0,"image":{"@id":"https:\/\/www.arteallimite.com\/en\/2018\/10\/02\/edificio-transoceanica-solarium-corbusiano\/#primaryimage"},"thumbnailUrl":"https:\/\/www.arteallimite.com\/wp-content\/uploads\/2024\/08\/87_Vitacura_Edificio-Transoceanica-1-1.jpg","articleSection":["Arquitectura","Art\u00edculos","Cr\u00f3nica"],"inLanguage":"en-US","potentialAction":[{"@type":"CommentAction","name":"Comment","target":["https:\/\/www.arteallimite.com\/en\/2018\/10\/02\/edificio-transoceanica-solarium-corbusiano\/#respond"]}]},{"@type":"WebPage","@id":"https:\/\/www.arteallimite.com\/en\/2018\/10\/02\/edificio-transoceanica-solarium-corbusiano\/","url":"https:\/\/www.arteallimite.com\/en\/2018\/10\/02\/edificio-transoceanica-solarium-corbusiano\/","name":"[:es]Edificio Transoce\u00e1nica | Sol\u00e1rium Corbusiano[:] - Arte al l\u00edmite","isPartOf":{"@id":"https:\/\/www.arteallimite.com\/en\/#website"},"primaryImageOfPage":{"@id":"https:\/\/www.arteallimite.com\/en\/2018\/10\/02\/edificio-transoceanica-solarium-corbusiano\/#primaryimage"},"image":{"@id":"https:\/\/www.arteallimite.com\/en\/2018\/10\/02\/edificio-transoceanica-solarium-corbusiano\/#primaryimage"},"thumbnailUrl":"https:\/\/www.arteallimite.com\/wp-content\/uploads\/2024\/08\/87_Vitacura_Edificio-Transoceanica-1-1.jpg","datePublished":"2018-10-02T20:38:45+00:00","author":{"@id":"https:\/\/www.arteallimite.com\/en\/#\/schema\/person\/1aead86e7a12fee6ce75be2d5b775def"},"breadcrumb":{"@id":"https:\/\/www.arteallimite.com\/en\/2018\/10\/02\/edificio-transoceanica-solarium-corbusiano\/#breadcrumb"},"inLanguage":"en-US","potentialAction":[{"@type":"ReadAction","target":["https:\/\/www.arteallimite.com\/en\/2018\/10\/02\/edificio-transoceanica-solarium-corbusiano\/"]}]},{"@type":"ImageObject","inLanguage":"en-US","@id":"https:\/\/www.arteallimite.com\/en\/2018\/10\/02\/edificio-transoceanica-solarium-corbusiano\/#primaryimage","url":"https:\/\/www.arteallimite.com\/wp-content\/uploads\/2024\/08\/87_Vitacura_Edificio-Transoceanica-1-1.jpg","contentUrl":"https:\/\/www.arteallimite.com\/wp-content\/uploads\/2024\/08\/87_Vitacura_Edificio-Transoceanica-1-1.jpg","width":1500,"height":1000},{"@type":"BreadcrumbList","@id":"https:\/\/www.arteallimite.com\/en\/2018\/10\/02\/edificio-transoceanica-solarium-corbusiano\/#breadcrumb","itemListElement":[{"@type":"ListItem","position":1,"name":"Arte al L\u00edmite","item":"https:\/\/www.arteallimite.com\/en\/"},{"@type":"ListItem","position":2,"name":"[:es]Edificio Transoce\u00e1nica | Sol\u00e1rium Corbusiano[:]"}]},{"@type":"WebSite","@id":"https:\/\/www.arteallimite.com\/en\/#website","url":"https:\/\/www.arteallimite.com\/en\/","name":"Arte al l\u00edmite","description":"","potentialAction":[{"@type":"SearchAction","target":{"@type":"EntryPoint","urlTemplate":"https:\/\/www.arteallimite.com\/en\/?s={search_term_string}"},"query-input":{"@type":"PropertyValueSpecification","valueRequired":true,"valueName":"search_term_string"}}],"inLanguage":"en-US"},{"@type":"Person","@id":"https:\/\/www.arteallimite.com\/en\/#\/schema\/person\/1aead86e7a12fee6ce75be2d5b775def","name":"Wilder Rios","image":{"@type":"ImageObject","inLanguage":"en-US","@id":"https:\/\/secure.gravatar.com\/avatar\/8cf75a5f4d4023880624fb1de7c525c51aa805abb28745ef5b95c2086139a0f6?s=96&d=mm&r=g","url":"https:\/\/secure.gravatar.com\/avatar\/8cf75a5f4d4023880624fb1de7c525c51aa805abb28745ef5b95c2086139a0f6?s=96&d=mm&r=g","contentUrl":"https:\/\/secure.gravatar.com\/avatar\/8cf75a5f4d4023880624fb1de7c525c51aa805abb28745ef5b95c2086139a0f6?s=96&d=mm&r=g","caption":"Wilder Rios"},"url":"https:\/\/www.arteallimite.com\/en\/author\/wilderrios\/"}]}},"_links":{"self":[{"href":"https:\/\/www.arteallimite.com\/en\/wp-json\/wp\/v2\/posts\/662","targetHints":{"allow":["GET"]}}],"collection":[{"href":"https:\/\/www.arteallimite.com\/en\/wp-json\/wp\/v2\/posts"}],"about":[{"href":"https:\/\/www.arteallimite.com\/en\/wp-json\/wp\/v2\/types\/post"}],"author":[{"embeddable":true,"href":"https:\/\/www.arteallimite.com\/en\/wp-json\/wp\/v2\/users\/159"}],"replies":[{"embeddable":true,"href":"https:\/\/www.arteallimite.com\/en\/wp-json\/wp\/v2\/comments?post=662"}],"version-history":[{"count":0,"href":"https:\/\/www.arteallimite.com\/en\/wp-json\/wp\/v2\/posts\/662\/revisions"}],"wp:featuredmedia":[{"embeddable":true,"href":"https:\/\/www.arteallimite.com\/en\/wp-json\/wp\/v2\/media\/663"}],"wp:attachment":[{"href":"https:\/\/www.arteallimite.com\/en\/wp-json\/wp\/v2\/media?parent=662"}],"wp:term":[{"taxonomy":"category","embeddable":true,"href":"https:\/\/www.arteallimite.com\/en\/wp-json\/wp\/v2\/categories?post=662"},{"taxonomy":"post_tag","embeddable":true,"href":"https:\/\/www.arteallimite.com\/en\/wp-json\/wp\/v2\/tags?post=662"},{"taxonomy":"ano","embeddable":true,"href":"https:\/\/www.arteallimite.com\/en\/wp-json\/wp\/v2\/ano?post=662"},{"taxonomy":"artista","embeddable":true,"href":"https:\/\/www.arteallimite.com\/en\/wp-json\/wp\/v2\/artista?post=662"}],"curies":[{"name":"wp","href":"https:\/\/api.w.org\/{rel}","templated":true}]}}